{"id":10401,"date":"2020-07-07T10:33:57","date_gmt":"2020-07-07T13:33:57","guid":{"rendered":"http:\/\/silvafreire.com.br\/site\/?p=10401"},"modified":"2020-07-07T10:33:57","modified_gmt":"2020-07-07T13:33:57","slug":"stf-suspende-processos-trabalhistas-que-envolvam-correcao-monetaria","status":"publish","type":"post","link":"https:\/\/silvafreire.com.br\/site\/stf-suspende-processos-trabalhistas-que-envolvam-correcao-monetaria\/","title":{"rendered":"STF SUSPENDE PROCESSOS TRABALHISTAS QUE ENVOLVAM CORRE\u00c7\u00c3O MONET\u00c1RIA"},"content":{"rendered":"\n\t\t\t\t\n<p>O ministro Gilmar Mendes, do Supremo Tribunal Federal (STF), deferiu liminarmente a suspens\u00e3o de processos trabalhistas em que se discuta o \u00edndice de corre\u00e7\u00e3o monet\u00e1ria aplic\u00e1vel a d\u00e9bitos trabalhistas e dep\u00f3sitos recursais. A controv\u00e9rsia gira em torno da aplica\u00e7\u00e3o da TR -Taxa Referencial ou do IPCA &#8211; \u00cdndice Nacional de Pre\u00e7os ao Consumidor Amplo.<\/p>\n\n\n\n<p>Na fundamenta\u00e7\u00e3o, o ministro considerou o contexto das crises sanit\u00e1ria, econ\u00f4mica e social relacionadas \u00e0 pandemia da Covid-19, a imin\u00eancia de decis\u00e3o pelo Tribunal Superior do Trabalho (TST) para suspender o atual \u00edndice (TR) e o in\u00edcio do recesso do STF no m\u00eas de julho. A decis\u00e3o do relator foi publicada no Di\u00e1rio da Justi\u00e7a Eletr\u00f4nico (DJe) no dia 1\u00ba\/7 e dever\u00e1 ser submetida a referendo do Plen\u00e1rio, em data a ser definida.<\/p>\n\n\n\n<p>A decis\u00e3o de Gilmar Mendes foi tomada em sede de uma a\u00e7\u00e3o declarat\u00f3ria de constitucionalidade (ADC 58), proposta pela Confedera\u00e7\u00e3o Nacional do Sistema Financeiro (Consif). A entidade sustenta que j\u00e1 h\u00e1 maioria no pleno do TST pela declara\u00e7\u00e3o da inconstitucionalidade da TR na corre\u00e7\u00e3o de d\u00edvidas trabalhistas e que a mudan\u00e7a no \u00edndice de corre\u00e7\u00e3o resultar\u00e1 no enriquecimento sem causa do credor trabalhista e no endividamento, \u201ctamb\u00e9m sem causa\u201d, do devedor, sobretudo diante do estado de emerg\u00eancia social e econ\u00f4mica.<\/p>\n\n\n\n<p>A decis\u00e3o de Gilmar Mendes ser\u00e1 oportunamente apreciada pelo Plen\u00e1rio da Corte.<br><\/p>\n\t\t","protected":false},"excerpt":{"rendered":"<p>O ministro Gilmar Mendes, do Supremo Tribunal Federal (STF), deferiu liminarmente a suspens\u00e3o de processos trabalhistas em que se discuta o \u00edndice de corre\u00e7\u00e3o monet\u00e1ria aplic\u00e1vel a d\u00e9bitos trabalhistas e dep\u00f3sitos recursais. A controv\u00e9rsia gira em torno da aplica\u00e7\u00e3o da TR -Taxa Referencial ou do IPCA &#8211; \u00cdndice Nacional de Pre\u00e7os ao Consumidor Amplo. Na [&hellip;]<\/p>\n","protected":false},"author":2,"featured_media":0,"comment_status":"closed","ping_status":"closed","sticky":false,"template":"","format":"standard","meta":{"footnotes":""},"categories":[18],"tags":[1005,2336],"class_list":["post-10401","post","type-post","status-publish","format-standard","hentry","category-noticias","tag-supremo-tribunal-federal","tag-taxa-referencial-ou-do-ipca"],"_links":{"self":[{"href":"https:\/\/silvafreire.com.br\/site\/wp-json\/wp\/v2\/posts\/10401","targetHints":{"allow":["GET"]}}],"collection":[{"href":"https:\/\/silvafreire.com.br\/site\/wp-json\/wp\/v2\/posts"}],"about":[{"href":"https:\/\/silvafreire.com.br\/site\/wp-json\/wp\/v2\/types\/post"}],"author":[{"embeddable":true,"href":"https:\/\/silvafreire.com.br\/site\/wp-json\/wp\/v2\/users\/2"}],"replies":[{"embeddable":true,"href":"https:\/\/silvafreire.com.br\/site\/wp-json\/wp\/v2\/comments?post=10401"}],"version-history":[{"count":0,"href":"https:\/\/silvafreire.com.br\/site\/wp-json\/wp\/v2\/posts\/10401\/revisions"}],"wp:attachment":[{"href":"https:\/\/silvafreire.com.br\/site\/wp-json\/wp\/v2\/media?parent=10401"}],"wp:term":[{"taxonomy":"category","embeddable":true,"href":"https:\/\/silvafreire.com.br\/site\/wp-json\/wp\/v2\/categories?post=10401"},{"taxonomy":"post_tag","embeddable":true,"href":"https:\/\/silvafreire.com.br\/site\/wp-json\/wp\/v2\/tags?post=10401"}],"curies":[{"name":"wp","href":"https:\/\/api.w.org\/{rel}","templated":true}]}}