{"id":1515,"date":"2007-03-15T20:52:07","date_gmt":"2007-03-15T23:52:07","guid":{"rendered":"http:\/\/silvafreire.com.br\/site\/?p=1515"},"modified":"2007-03-15T20:52:07","modified_gmt":"2007-03-15T23:52:07","slug":"representantes-da-oabmg-visitam-procon-da-praca-sete","status":"publish","type":"post","link":"https:\/\/silvafreire.com.br\/site\/representantes-da-oabmg-visitam-procon-da-praca-sete\/","title":{"rendered":"Representantes da OAB\/MG visitam Procon da Pra\u00e7a Sete"},"content":{"rendered":"<p>\t\t\t\tBelo Horizonte, 15 de mar\u00e7o de 2007<\/p>\n<p style=\"text-align: center\"><a href=\"http:\/\/silvafreire.com.br\/site\/wp-content\/uploads\/2012\/10\/procon.jpg\"><img fetchpriority=\"high\" decoding=\"async\" class=\"aligncenter size-full wp-image-1516\" src=\"http:\/\/silvafreire.com.br\/site\/wp-content\/uploads\/2012\/10\/procon.jpg\" alt=\"\" width=\"369\" height=\"220\" \/><\/a><\/p>\n<p>Exatos 45 anos ap\u00f3s o ent\u00e3o presidente dos EUA, John Kennedy, enviar mensagem especial ao Congresso Americano inserindo o tema &#8220;defesa do consumidor&#8221; no debate mundial, representantes da Comiss\u00e3o de Defesa do Consumidor da OAB\/MG e da OAB\/Jovem, visitaram, nesta quinta-feira (15\/3), a sede do Procon Assembl\u00e9ia, na Posto Psiu da Pra\u00e7a Sete, em Belo Horizonte. A data \u00e9 comemorativa dos 16 anos do C\u00f3digo de Defesa do Consumidor. A reuni\u00e3o se destinou a estudar parcerias e formas de coopera\u00e7\u00e3o entre as entidades, focadas na defesa dos consumidores.<\/p>\n<p>&nbsp;<\/p>\n<p>A reuni\u00e3o, contou com a presen\u00e7a do Presidente da Comiss\u00e3o de Defesa do Consumidor da OAB\/MG, conselheiro Geraldo Magela Freire, do Presidente da OAB Jovem, Dr. Adriano Cardoso Silva, do Coordenador do Procon, Dr. Marcelo Barbosa, do Assessor do Procon, Dr. Alexandre Oliveira, de Jane Coutinho, Diretora do Sine\/MG e do advogado Luis Felipe Silva Freire.<\/p>\n<p>&nbsp;<\/p>\n<p>Para o presidente da Comiss\u00e3o de Defesa do Consumidor da Ordem, a OAB tem sido o maior tribunal da cidadania na hist\u00f3ria do Brasil. &#8220;Sempre procuramos dar conte\u00fado \u00e9tico e moral ao Estado Democr\u00e1tico de Direito. Por isso, promovemos conv\u00eanios e movimentos s\u00f3cio-jur\u00eddicos perante outras institui\u00e7\u00f5es com o objetivo de promover a Justi\u00e7a, lutando pela expans\u00e3o dos direitos fundamentais e sociais&#8221;, considerou. Segundo ele, a Comiss\u00e3o pretende al\u00e9m de estudar parcerias com \u00f3rg\u00e3os representativos dos Consumidores; fazer blitz educativas para fiscalizar a aplica\u00e7\u00e3o do C\u00f3digo de Defesa do Consumidor; palestras direcionadas aos lojistas e empres\u00e1rios, destinadas a orientar sobre as novas imposi\u00e7\u00f5es da Lei; e palestras e realiza\u00e7\u00e3o de eventos educativos aos consumidores, aos advogados e aos estudantes. De acordo com o conselheiro, o apoio da OAB Jovem, ser\u00e1 indispens\u00e1vel \u00e0 conclus\u00e3o dos projetos. Ambos os presidentes s\u00e3o un\u00e2nimes em afirmar que a principal meta \u00e9 aproximar e fortalecer a imagem da OAB\/MG junto aos advogados e \u00e0 sociedade.<\/p>\n<p>&nbsp;<\/p>\n<p>Segundo Adriano Cardoso Silva, presidente da OAB Jovem, h\u00e1 a necessidade de tornar as pessoas mais cr\u00edticas perante a atual sociedade consumista. &#8220;N\u00f3s, como representantes de uma institui\u00e7\u00e3o fundamental na manuten\u00e7\u00e3o da cidadania, temos esse compromisso de incentivar uma mobiliza\u00e7\u00e3o em prol da eleva\u00e7\u00e3o dos direitos do consumidor&#8221;, ressaltou.\t\t<\/p>\n","protected":false},"excerpt":{"rendered":"<p>Belo Horizonte, 15 de mar\u00e7o de 2007 Exatos 45 anos ap\u00f3s o ent\u00e3o presidente dos EUA, John Kennedy, enviar mensagem especial ao Congresso Americano inserindo o tema &#8220;defesa do consumidor&#8221; no debate mundial, representantes da Comiss\u00e3o de Defesa do Consumidor da OAB\/MG e da OAB\/Jovem, visitaram, nesta quinta-feira (15\/3), a sede do Procon Assembl\u00e9ia, na [&hellip;]<\/p>\n","protected":false},"author":2,"featured_media":0,"comment_status":"open","ping_status":"open","sticky":false,"template":"","format":"standard","meta":{"footnotes":""},"categories":[18],"tags":[],"class_list":["post-1515","post","type-post","status-publish","format-standard","hentry","category-noticias"],"_links":{"self":[{"href":"https:\/\/silvafreire.com.br\/site\/wp-json\/wp\/v2\/posts\/1515","targetHints":{"allow":["GET"]}}],"collection":[{"href":"https:\/\/silvafreire.com.br\/site\/wp-json\/wp\/v2\/posts"}],"about":[{"href":"https:\/\/silvafreire.com.br\/site\/wp-json\/wp\/v2\/types\/post"}],"author":[{"embeddable":true,"href":"https:\/\/silvafreire.com.br\/site\/wp-json\/wp\/v2\/users\/2"}],"replies":[{"embeddable":true,"href":"https:\/\/silvafreire.com.br\/site\/wp-json\/wp\/v2\/comments?post=1515"}],"version-history":[{"count":0,"href":"https:\/\/silvafreire.com.br\/site\/wp-json\/wp\/v2\/posts\/1515\/revisions"}],"wp:attachment":[{"href":"https:\/\/silvafreire.com.br\/site\/wp-json\/wp\/v2\/media?parent=1515"}],"wp:term":[{"taxonomy":"category","embeddable":true,"href":"https:\/\/silvafreire.com.br\/site\/wp-json\/wp\/v2\/categories?post=1515"},{"taxonomy":"post_tag","embeddable":true,"href":"https:\/\/silvafreire.com.br\/site\/wp-json\/wp\/v2\/tags?post=1515"}],"curies":[{"name":"wp","href":"https:\/\/api.w.org\/{rel}","templated":true}]}}