{"id":5857,"date":"2015-11-16T14:59:24","date_gmt":"2015-11-16T17:59:24","guid":{"rendered":"http:\/\/silvafreire.com.br\/site\/?p=5857"},"modified":"2015-11-16T14:59:24","modified_gmt":"2015-11-16T17:59:24","slug":"sobre-a-inscricao-do-nome-do-correntista","status":"publish","type":"post","link":"https:\/\/silvafreire.com.br\/site\/sobre-a-inscricao-do-nome-do-correntista\/","title":{"rendered":"Sobre a inscri\u00e7\u00e3o do nome do correntista"},"content":{"rendered":"<p>\t\t\t\t\u201cA 2\u00aa Se\u00e7\u00e3o do Superior Tribunal de Justi\u00e7a decidiu que a inscri\u00e7\u00e3o do nome do correntista, sem pr\u00e9via notifica\u00e7\u00e3o, no Cadastro de Emitentes de Cheques sem Fundos [CCF] \u00e9 h\u00e1bil a gerar indeniza\u00e7\u00e3o por danos morais. Por\u00e9m, apesar do gestor do referido cadastro ser o Banco do Brasil, a responsabilidade pela indeniza\u00e7\u00e3o \u00e9 da institui\u00e7\u00e3o financeira que ordenou a inscri\u00e7\u00e3o no CCF.\u201d REsp 1.354.590-RS, Rel. Min. Raul Ara\u00fajo, Segunda Se\u00e7\u00e3o, julgado em 9\/9\/2015, DJe 15\/9\/2015.\t\t<\/p>\n","protected":false},"excerpt":{"rendered":"<p>\u201cA 2\u00aa Se\u00e7\u00e3o do Superior Tribunal de Justi\u00e7a decidiu que a inscri\u00e7\u00e3o do nome do correntista, sem pr\u00e9via notifica\u00e7\u00e3o, no Cadastro de Emitentes de Cheques sem Fundos [CCF] \u00e9 h\u00e1bil a gerar indeniza\u00e7\u00e3o por danos morais. Por\u00e9m, apesar do gestor do referido cadastro ser o Banco do Brasil, a responsabilidade pela indeniza\u00e7\u00e3o \u00e9 da institui\u00e7\u00e3o [&hellip;]<\/p>\n","protected":false},"author":2,"featured_media":0,"comment_status":"open","ping_status":"open","sticky":false,"template":"","format":"standard","meta":{"footnotes":""},"categories":[18,19],"tags":[221,222,26,83],"class_list":["post-5857","post","type-post","status-publish","format-standard","hentry","category-noticias","category-noticiasfisicas","tag-ccf","tag-correntista","tag-danos-morais","tag-stj"],"_links":{"self":[{"href":"https:\/\/silvafreire.com.br\/site\/wp-json\/wp\/v2\/posts\/5857","targetHints":{"allow":["GET"]}}],"collection":[{"href":"https:\/\/silvafreire.com.br\/site\/wp-json\/wp\/v2\/posts"}],"about":[{"href":"https:\/\/silvafreire.com.br\/site\/wp-json\/wp\/v2\/types\/post"}],"author":[{"embeddable":true,"href":"https:\/\/silvafreire.com.br\/site\/wp-json\/wp\/v2\/users\/2"}],"replies":[{"embeddable":true,"href":"https:\/\/silvafreire.com.br\/site\/wp-json\/wp\/v2\/comments?post=5857"}],"version-history":[{"count":0,"href":"https:\/\/silvafreire.com.br\/site\/wp-json\/wp\/v2\/posts\/5857\/revisions"}],"wp:attachment":[{"href":"https:\/\/silvafreire.com.br\/site\/wp-json\/wp\/v2\/media?parent=5857"}],"wp:term":[{"taxonomy":"category","embeddable":true,"href":"https:\/\/silvafreire.com.br\/site\/wp-json\/wp\/v2\/categories?post=5857"},{"taxonomy":"post_tag","embeddable":true,"href":"https:\/\/silvafreire.com.br\/site\/wp-json\/wp\/v2\/tags?post=5857"}],"curies":[{"name":"wp","href":"https:\/\/api.w.org\/{rel}","templated":true}]}}