{"id":5950,"date":"2015-12-10T08:15:06","date_gmt":"2015-12-10T11:15:06","guid":{"rendered":"http:\/\/silvafreire.com.br\/site\/?p=5950"},"modified":"2015-12-10T08:15:06","modified_gmt":"2015-12-10T11:15:06","slug":"adesao-a-pdv-quita-apenas-as-parcelas-expressamente-mencionadas-no-recibo","status":"publish","type":"post","link":"https:\/\/silvafreire.com.br\/site\/adesao-a-pdv-quita-apenas-as-parcelas-expressamente-mencionadas-no-recibo\/","title":{"rendered":"Ades\u00e3o \u00e0 PDV quita apenas as parcelas expressamente mencionadas no recibo"},"content":{"rendered":"<p>\t\t\t\tRecente decis\u00e3o do TRT da 2\u00aa Regi\u00e3o \u2013 S\u00e3o Paulo, confirmou entendimento de que a transa\u00e7\u00e3o extrajudicial fundada em ades\u00e3o do empregado a Programa de Demiss\u00e3o Volunt\u00e1ria acarreta a quita\u00e7\u00e3o t\u00e3o somente das parcelas e valores constantes do recibo.<\/p>\n<p>Conforme ac\u00f3rd\u00e3o disponibilizado no s\u00edtio eletr\u00f4nico do Tribunal, a cl\u00e1usula de quita\u00e7\u00e3o geral ao contrato de trabalho n\u00e3o tem efic\u00e1cia liberat\u00f3ria plena, pois viola direitos irrenunci\u00e1veis e indispon\u00edveis do trabalhador.<\/p>\n<p>Com isso, ainda que tenha aderido ao PDV, permanece para o empregado o direito de reivindicar, judicialmente, quaisquer outras verbas decorrentes do contrato de trabalho que entenda lhe serem devidas.\t\t<\/p>\n","protected":false},"excerpt":{"rendered":"<p>Recente decis\u00e3o do TRT da 2\u00aa Regi\u00e3o \u2013 S\u00e3o Paulo, confirmou entendimento de que a transa\u00e7\u00e3o extrajudicial fundada em ades\u00e3o do empregado a Programa de Demiss\u00e3o Volunt\u00e1ria acarreta a quita\u00e7\u00e3o t\u00e3o somente das parcelas e valores constantes do recibo. Conforme ac\u00f3rd\u00e3o disponibilizado no s\u00edtio eletr\u00f4nico do Tribunal, a cl\u00e1usula de quita\u00e7\u00e3o geral ao contrato de [&hellip;]<\/p>\n","protected":false},"author":2,"featured_media":0,"comment_status":"open","ping_status":"open","sticky":false,"template":"","format":"standard","meta":{"footnotes":""},"categories":[18,19],"tags":[242,29],"class_list":["post-5950","post","type-post","status-publish","format-standard","hentry","category-noticias","category-noticiasfisicas","tag-pdv","tag-trt"],"_links":{"self":[{"href":"https:\/\/silvafreire.com.br\/site\/wp-json\/wp\/v2\/posts\/5950","targetHints":{"allow":["GET"]}}],"collection":[{"href":"https:\/\/silvafreire.com.br\/site\/wp-json\/wp\/v2\/posts"}],"about":[{"href":"https:\/\/silvafreire.com.br\/site\/wp-json\/wp\/v2\/types\/post"}],"author":[{"embeddable":true,"href":"https:\/\/silvafreire.com.br\/site\/wp-json\/wp\/v2\/users\/2"}],"replies":[{"embeddable":true,"href":"https:\/\/silvafreire.com.br\/site\/wp-json\/wp\/v2\/comments?post=5950"}],"version-history":[{"count":0,"href":"https:\/\/silvafreire.com.br\/site\/wp-json\/wp\/v2\/posts\/5950\/revisions"}],"wp:attachment":[{"href":"https:\/\/silvafreire.com.br\/site\/wp-json\/wp\/v2\/media?parent=5950"}],"wp:term":[{"taxonomy":"category","embeddable":true,"href":"https:\/\/silvafreire.com.br\/site\/wp-json\/wp\/v2\/categories?post=5950"},{"taxonomy":"post_tag","embeddable":true,"href":"https:\/\/silvafreire.com.br\/site\/wp-json\/wp\/v2\/tags?post=5950"}],"curies":[{"name":"wp","href":"https:\/\/api.w.org\/{rel}","templated":true}]}}