{"id":6198,"date":"2016-02-17T08:00:32","date_gmt":"2016-02-17T11:00:32","guid":{"rendered":"http:\/\/silvafreire.com.br\/site\/?p=6198"},"modified":"2016-02-17T08:00:32","modified_gmt":"2016-02-17T11:00:32","slug":"sindicato-cobra-pagamento-do-ppr-2015-em-nova-negociacao-com-o-bdmg","status":"publish","type":"post","link":"https:\/\/silvafreire.com.br\/site\/sindicato-cobra-pagamento-do-ppr-2015-em-nova-negociacao-com-o-bdmg\/","title":{"rendered":"Sindicato cobra pagamento do PPR 2015 em nova negocia\u00e7\u00e3o com o BDMG"},"content":{"rendered":"<p>\t\t\t\tO Sindicato dos Banc\u00e1rios de BH e Regi\u00e3o, acompanhado pelo Conselho de Representantes dos Funcion\u00e1rios do BDMG (COREP), reuniu-se com a dire\u00e7\u00e3o do BDMG para retomar as discuss\u00f5es sobre o Programa de Participa\u00e7\u00e3o nos Resultados (PPR) 2015. A reuni\u00e3o foi realizada ap\u00f3s os funcion\u00e1rios rejeitarem, em assembleia realizada no dia 16 de dezembro, o n\u00e3o pagamento do PPR e deliberarem pela retomada das negocia\u00e7\u00f5es.<\/p>\n<p>Representando o Sindicato, participaram da mesa a presidenta Eliana Brasil, o diretor Carlos Augusto Vasconcelos e o advogado \u00cdtalo Nicoliello. O COREP foi representado por Marlon Fialho Carvalho dos Reis, Marcio Rezende Magalh\u00e3es e Vin\u00edcius Mundim Zucheratto. J\u00e1 representando o BDMG estiveram presentes o presidente, Marco Aur\u00e9lio Crocco, e Luiza Lembi Nogueira, que representou a ger\u00eancia Geral de Gest\u00e3o de Pessoas.<\/p>\n<p>Ap\u00f3s a decis\u00e3o de funcion\u00e1rias e funcion\u00e1rios na assembleia, o Sindicato enviou, no dia 29 de dezembro, carta ao BDMG cobrando o agendamento de uma reuni\u00e3o com urg\u00eancia. Em resposta \u00e0 solicita\u00e7\u00e3o, o banco agendou a negocia\u00e7\u00e3o que ocorreu no dia 19 de janeiro, ter\u00e7a-feira.<\/p>\n<p>Na mesa, os representantes dos funcion\u00e1rios argumentaram que, ao longo de 2015, houve suspens\u00f5es de linhas de cr\u00e9dito que seriam consideravelmente necess\u00e1rias para o alcance dos objetivos estrat\u00e9gicos principais &#8211; Desembolso e N\u00famero de Clientes &#8211; e que auxiliariam os trabalhadores a alcan\u00e7ar os indicadores necess\u00e1rios para o pagamento do PPR.<\/p>\n<p>O BDMG, por\u00e9m, alegou que os efeitos negativos do cen\u00e1rio econ\u00f4mico nacional tamb\u00e9m afetaram seu desempenho no \u00faltimo ano, tornando dif\u00edceis as possibilidades para pagamento do PPR.<\/p>\n<p>Com a cobran\u00e7a dos trabalhadores, o presidente do banco se prop\u00f4s a avaliar novamente a quest\u00e3o ap\u00f3s o fechamento do balan\u00e7o de 2015, al\u00e9m de assegurar que a constru\u00e7\u00e3o do PPR 2016 contar\u00e1 com a participa\u00e7\u00e3o do Sindicato e do COREP junto \u00e0 \u00e1rea de Planejamento do BDMG.<\/p>\n<p><strong>Fonte:<\/strong> bancariosbh.org.br\t\t<\/p>\n","protected":false},"excerpt":{"rendered":"<p>O Sindicato dos Banc\u00e1rios de BH e Regi\u00e3o, acompanhado pelo Conselho de Representantes dos Funcion\u00e1rios do BDMG (COREP), reuniu-se com a dire\u00e7\u00e3o do BDMG para retomar as discuss\u00f5es sobre o Programa de Participa\u00e7\u00e3o nos Resultados (PPR) 2015. A reuni\u00e3o foi realizada ap\u00f3s os funcion\u00e1rios rejeitarem, em assembleia realizada no dia 16 de dezembro, o n\u00e3o [&hellip;]<\/p>\n","protected":false},"author":2,"featured_media":0,"comment_status":"open","ping_status":"open","sticky":false,"template":"","format":"standard","meta":{"footnotes":""},"categories":[21,18],"tags":[197,62,343,146],"class_list":["post-6198","post","type-post","status-publish","format-standard","hentry","category-noticiasbancarios","category-noticias","tag-bancario","tag-bdmg","tag-ppr-2015","tag-sindicato"],"_links":{"self":[{"href":"https:\/\/silvafreire.com.br\/site\/wp-json\/wp\/v2\/posts\/6198","targetHints":{"allow":["GET"]}}],"collection":[{"href":"https:\/\/silvafreire.com.br\/site\/wp-json\/wp\/v2\/posts"}],"about":[{"href":"https:\/\/silvafreire.com.br\/site\/wp-json\/wp\/v2\/types\/post"}],"author":[{"embeddable":true,"href":"https:\/\/silvafreire.com.br\/site\/wp-json\/wp\/v2\/users\/2"}],"replies":[{"embeddable":true,"href":"https:\/\/silvafreire.com.br\/site\/wp-json\/wp\/v2\/comments?post=6198"}],"version-history":[{"count":0,"href":"https:\/\/silvafreire.com.br\/site\/wp-json\/wp\/v2\/posts\/6198\/revisions"}],"wp:attachment":[{"href":"https:\/\/silvafreire.com.br\/site\/wp-json\/wp\/v2\/media?parent=6198"}],"wp:term":[{"taxonomy":"category","embeddable":true,"href":"https:\/\/silvafreire.com.br\/site\/wp-json\/wp\/v2\/categories?post=6198"},{"taxonomy":"post_tag","embeddable":true,"href":"https:\/\/silvafreire.com.br\/site\/wp-json\/wp\/v2\/tags?post=6198"}],"curies":[{"name":"wp","href":"https:\/\/api.w.org\/{rel}","templated":true}]}}