{"id":6277,"date":"2016-03-23T08:00:14","date_gmt":"2016-03-23T11:00:14","guid":{"rendered":"http:\/\/silvafreire.com.br\/site\/?p=6277"},"modified":"2016-03-23T08:00:14","modified_gmt":"2016-03-23T11:00:14","slug":"bancarias-e-bancarios-aprovam-balanco-financeiro-e-patrimonial-do-sindicato","status":"publish","type":"post","link":"https:\/\/silvafreire.com.br\/site\/bancarias-e-bancarios-aprovam-balanco-financeiro-e-patrimonial-do-sindicato\/","title":{"rendered":"Banc\u00e1rias e banc\u00e1rios aprovam balan\u00e7o financeiro e patrimonial do Sindicato"},"content":{"rendered":"<p>\t\t\t\tBanc\u00e1rias e banc\u00e1rios da base de BH e regi\u00e3o aprovaram a presta\u00e7\u00e3o de contas do Sindicato relativa ao ano de 2015. O balan\u00e7o financeiro e patrimonial foi apresentado \u00e0 categoria em Assembleia Geral Ordin\u00e1ria realizada na sede do Sindicato.<\/p>\n<p>Prevista no Estatuto do Sindicato, a presta\u00e7\u00e3o de contas ocorre sempre no m\u00eas de mar\u00e7o e \u00e9 um instrumento eficaz para que banc\u00e1rias e banc\u00e1rios tomem conhecimento e fiscalizem a destina\u00e7\u00e3o dos recursos da categoria.<\/p>\n<p>Diante dos desafios impostos no enfrentamento contra os banqueiros e as dire\u00e7\u00f5es dos bancos p\u00fablicos em defesa dos direitos da categoria, a responsabilidade fiscal com os recursos do Sindicato \u00e9 uma preocupa\u00e7\u00e3o permanente da entidade. O gerenciamento das suas contas procura sempre equacionar o equil\u00edbrio de gastos, propiciando maior qualidade aos investimentos realizados.<\/p>\n<p>&#8220;A aprova\u00e7\u00e3o das contas de 2015 refor\u00e7a nosso compromisso de responsabilidade e honestidade na gest\u00e3o dos recursos do Sindicato. Honramos nosso compromisso com a democracia e a transpar\u00eancia e seguimos administrando os recursos para intensificar nossa luta por novas conquistas e a defesa permanente dos direitos da categoria banc\u00e1ria&#8221;, afirmou a presidenta do Sindicato, Eliana Brasil.<\/p>\n<p><strong>Fonte:<\/strong> bancariosbh.org.br\t\t<\/p>\n","protected":false},"excerpt":{"rendered":"<p>Banc\u00e1rias e banc\u00e1rios da base de BH e regi\u00e3o aprovaram a presta\u00e7\u00e3o de contas do Sindicato relativa ao ano de 2015. O balan\u00e7o financeiro e patrimonial foi apresentado \u00e0 categoria em Assembleia Geral Ordin\u00e1ria realizada na sede do Sindicato. Prevista no Estatuto do Sindicato, a presta\u00e7\u00e3o de contas ocorre sempre no m\u00eas de mar\u00e7o e [&hellip;]<\/p>\n","protected":false},"author":2,"featured_media":0,"comment_status":"open","ping_status":"open","sticky":false,"template":"","format":"standard","meta":{"footnotes":""},"categories":[21,18],"tags":[386,146],"class_list":["post-6277","post","type-post","status-publish","format-standard","hentry","category-noticiasbancarios","category-noticias","tag-balanco","tag-sindicato"],"_links":{"self":[{"href":"https:\/\/silvafreire.com.br\/site\/wp-json\/wp\/v2\/posts\/6277","targetHints":{"allow":["GET"]}}],"collection":[{"href":"https:\/\/silvafreire.com.br\/site\/wp-json\/wp\/v2\/posts"}],"about":[{"href":"https:\/\/silvafreire.com.br\/site\/wp-json\/wp\/v2\/types\/post"}],"author":[{"embeddable":true,"href":"https:\/\/silvafreire.com.br\/site\/wp-json\/wp\/v2\/users\/2"}],"replies":[{"embeddable":true,"href":"https:\/\/silvafreire.com.br\/site\/wp-json\/wp\/v2\/comments?post=6277"}],"version-history":[{"count":0,"href":"https:\/\/silvafreire.com.br\/site\/wp-json\/wp\/v2\/posts\/6277\/revisions"}],"wp:attachment":[{"href":"https:\/\/silvafreire.com.br\/site\/wp-json\/wp\/v2\/media?parent=6277"}],"wp:term":[{"taxonomy":"category","embeddable":true,"href":"https:\/\/silvafreire.com.br\/site\/wp-json\/wp\/v2\/categories?post=6277"},{"taxonomy":"post_tag","embeddable":true,"href":"https:\/\/silvafreire.com.br\/site\/wp-json\/wp\/v2\/tags?post=6277"}],"curies":[{"name":"wp","href":"https:\/\/api.w.org\/{rel}","templated":true}]}}