{"id":6388,"date":"2016-05-04T12:57:18","date_gmt":"2016-05-04T15:57:18","guid":{"rendered":"http:\/\/silvafreire.com.br\/site\/?p=6388"},"modified":"2016-05-04T12:57:18","modified_gmt":"2016-05-04T15:57:18","slug":"sindicato-exige-fim-do-assedio-moral-e-reivindica-adesao-do-mercantil-ao-acordo-de-prevencao-de-conflitos","status":"publish","type":"post","link":"https:\/\/silvafreire.com.br\/site\/sindicato-exige-fim-do-assedio-moral-e-reivindica-adesao-do-mercantil-ao-acordo-de-prevencao-de-conflitos\/","title":{"rendered":"Sindicato exige fim do ass\u00e9dio moral e reivindica ades\u00e3o do Mercantil ao acordo de preven\u00e7\u00e3o de conflitos"},"content":{"rendered":"<p>\t\t\t\tO Sindicato protocolou of\u00edcio denunciando mais um caso de ass\u00e9dio moral cometido dentro do Mercantil do Brasil por um gerente de INSS. Relatos de diversos banc\u00e1rios acusam o gestor de cometer abusos, pressionando e constrangendo os trabalhadores atrav\u00e9s de teleconfer\u00eancias, palavras de baixo n\u00edvel e amea\u00e7as de demiss\u00e3o.<\/p>\n<p>Tudo tem sido feito para garantir que as pesadas metas impostas pelo banco sejam largamente superadas e engordem cada vez mais o abarrotado cofre dos Ara\u00fajo. Crises de choro, baixa autoestima, estresse e adoecimentos s\u00e3o alguns dos sintomas apresentados pelos banc\u00e1rios depois de passarem pelas reuni\u00f5es de &#8220;incentivo&#8221; com o gerente.<\/p>\n<p>O Sindicato reafirma seu compromisso de lutar pelo direito dos funcion\u00e1rios a trabalharem em um ambiente saud\u00e1vel. A entidade cobra que o banco assuma o compromisso de realizar o monitoramento de resultados com equil\u00edbrio, respeito e de forma positiva. Por isso, no mesmo of\u00edcio em denuncia \u00e0 pr\u00e1tica de ass\u00e9dio moral, o Sindicato solicitou que o Mercantil do Brasil seja signat\u00e1rio do protocolo para preven\u00e7\u00e3o de conflitos no ambiente de trabalho de acordo com as condi\u00e7\u00f5es da cl\u00e1usula 56\u00aa da Conven\u00e7\u00e3o Coletiva de Trabalho (CCT) da categoria.<\/p>\n<p>O funcion\u00e1rio do Mercantil e diretor do Sindicato, Marco Aur\u00e9lio Alves, destacou que \u00e9 inadmiss\u00edvel que o banco ainda aceite que certos profissionais adotem pr\u00e1ticas abusivas e inadequadas para cobrar resultados inating\u00edveis dos seus funcion\u00e1rios. &#8220;Vamos lutar incansavelmente para derrubar estas pr\u00e1ticas trogloditas dentro do Mercantil. Tamb\u00e9m acionaremos a Justi\u00e7a para aniquilar o ass\u00e9dio moral no banco e tentar resgatar um melhor ambiente dentro das ag\u00eancias&#8221;, afirmou.<\/p>\n<p>J\u00e1 para Vanderci Ant\u00f4nio da Silva, tamb\u00e9m funcion\u00e1rio do Mercantil e diretor do Sindicato, paralisa\u00e7\u00f5es e atos nas portas das ag\u00eancias do banco n\u00e3o ser\u00e3o descartados na luta para coibir este tipo de conduta abusiva.&#8221;N\u00e3o aceitaremos que as v\u00edtimas desses abusos sejam perseguidas ou sofram retalia\u00e7\u00e3o. O que esperamos, no m\u00ednimo, \u00e9 que esse mal gestor mude seu comportamento e que o banco busque maneiras de impedir tal brutalidade&#8221;, ressaltou.<\/p>\n<p><strong>Fonte:<\/strong> bancariosbh.org.br\t\t<\/p>\n","protected":false},"excerpt":{"rendered":"<p>O Sindicato protocolou of\u00edcio denunciando mais um caso de ass\u00e9dio moral cometido dentro do Mercantil do Brasil por um gerente de INSS. Relatos de diversos banc\u00e1rios acusam o gestor de cometer abusos, pressionando e constrangendo os trabalhadores atrav\u00e9s de teleconfer\u00eancias, palavras de baixo n\u00edvel e amea\u00e7as de demiss\u00e3o. Tudo tem sido feito para garantir que [&hellip;]<\/p>\n","protected":false},"author":2,"featured_media":0,"comment_status":"open","ping_status":"open","sticky":false,"template":"","format":"standard","meta":{"footnotes":""},"categories":[21,18],"tags":[232,169,146],"class_list":["post-6388","post","type-post","status-publish","format-standard","hentry","category-noticiasbancarios","category-noticias","tag-assedio","tag-banco","tag-sindicato"],"_links":{"self":[{"href":"https:\/\/silvafreire.com.br\/site\/wp-json\/wp\/v2\/posts\/6388","targetHints":{"allow":["GET"]}}],"collection":[{"href":"https:\/\/silvafreire.com.br\/site\/wp-json\/wp\/v2\/posts"}],"about":[{"href":"https:\/\/silvafreire.com.br\/site\/wp-json\/wp\/v2\/types\/post"}],"author":[{"embeddable":true,"href":"https:\/\/silvafreire.com.br\/site\/wp-json\/wp\/v2\/users\/2"}],"replies":[{"embeddable":true,"href":"https:\/\/silvafreire.com.br\/site\/wp-json\/wp\/v2\/comments?post=6388"}],"version-history":[{"count":0,"href":"https:\/\/silvafreire.com.br\/site\/wp-json\/wp\/v2\/posts\/6388\/revisions"}],"wp:attachment":[{"href":"https:\/\/silvafreire.com.br\/site\/wp-json\/wp\/v2\/media?parent=6388"}],"wp:term":[{"taxonomy":"category","embeddable":true,"href":"https:\/\/silvafreire.com.br\/site\/wp-json\/wp\/v2\/categories?post=6388"},{"taxonomy":"post_tag","embeddable":true,"href":"https:\/\/silvafreire.com.br\/site\/wp-json\/wp\/v2\/tags?post=6388"}],"curies":[{"name":"wp","href":"https:\/\/api.w.org\/{rel}","templated":true}]}}