{"id":6652,"date":"2016-08-05T08:34:01","date_gmt":"2016-08-05T11:34:01","guid":{"rendered":"http:\/\/silvafreire.com.br\/site\/?p=6652"},"modified":"2016-08-05T08:34:01","modified_gmt":"2016-08-05T11:34:01","slug":"com-crise-fusoes-e-aquisicoes-caem-29-no-semestre-mostra-pwc","status":"publish","type":"post","link":"https:\/\/silvafreire.com.br\/site\/com-crise-fusoes-e-aquisicoes-caem-29-no-semestre-mostra-pwc\/","title":{"rendered":"Com crise, fus\u00f5es e aquisi\u00e7\u00f5es caem 29% no semestre, mostra PwC"},"content":{"rendered":"<p>\t\t\t\tSe a crise econ\u00f4mica aqueceu o mercado de recupera\u00e7\u00e3o judicial ou processos de sa\u00edda de empresas estrangeiras do pa\u00eds, quem trabalha com fus\u00f5es e aquisi\u00e7\u00f5es vive situa\u00e7\u00e3o oposta. Pesquisa da PriceWaterhouseCoopers mostra queda de 29% no n\u00famero dessas opera\u00e7\u00f5es no primeiro semestre deste ano em rela\u00e7\u00e3o ao mesmo per\u00edodo de 2015.<\/p>\n<p>Fus\u00e3o feita pela Perdig\u00e3o em 2007 mobilizou 57 advogados da mesma banca<\/p>\n<p>Em 2016, foram concretizadas 287 negocia\u00e7\u00f5es contra 406 em 2015. Os dados mostram que o mercado voltou aos mesmos patamares de 2009, per\u00edodo de crise econ\u00f4mica, que teve 258 neg\u00f3cios no primeiro semestre.<\/p>\n<p>O cen\u00e1rio se op\u00f5e \u00e0 euforia de poucos anos atr\u00e1s. Em junho de 2008, Gustavo Sardinha s\u00f3cio do Renaldo Limiro Advogados Associados, publicou artigo na revista eletr\u00f4nica Consultor Jur\u00eddico alertando para que donos de empresa estivessem prontos para a qualquer momento receberem oferta de compra. \u00c0 \u00e9poca, apresentando n\u00fameros da KPMG, ele ressaltou que em 2007 o Brasil havia batido seu recorde de aquisi\u00e7\u00f5es e fus\u00f5es em 43%, com 677 acordos, 204 a mais que no ano anterior, movimentando U$ 59 bilh\u00f5es.<\/p>\n<p>\u201cSe voc\u00ea n\u00e3o se ateve ainda para o valor da sua empresa e, especialmente de sua marca, fique atento e esteja preparado. O concorrente pode bater \u00e0 sua porta a qualquer momento e dizer: Quanto voc\u00ea quer na sua empresa?\u201d, escreveu Sardinha.<\/p>\n<h2>Movimentador do mercado<\/h2>\n<p>Em junho de 2016, foram feitas 43 transa\u00e7\u00f5es, volume 40% inferior se comparado ao mesmo per\u00edodo do ano passado (72 transa\u00e7\u00f5es). J\u00e1 o m\u00eas de maio segue como o per\u00edodo com o pior desempenho do ano, com 41 neg\u00f3cios realizados. Para o s\u00f3cio da PwC, Rog\u00e9rio Gollo, a queda no n\u00famero de neg\u00f3cios apresentada no primeiro semestre deste ano \u00e9 fruto da inseguran\u00e7a em rela\u00e7\u00e3o \u00e0 crise pol\u00edtica no pa\u00eds e ao rumo da economia brasileira.<\/p>\n<p>Neg\u00f3cios de fus\u00f5es e aquisi\u00e7\u00f5es movimentam de forma expressiva o mercado de advogados. Em 2007, a compra da ga\u00facha Eleva pela Perdig\u00e3o mobilizou o trabalho de 57 advogados do escrit\u00f3rio Machado Meyer.<\/p>\n<p>Agora, apesar do decr\u00e9scimo nas transa\u00e7\u00f5es do mercado, o s\u00f3cio da PwC acredita que as negocia\u00e7\u00f5es que estavam engavetadas est\u00e3o sendo retomadas. \u201cA expectativa \u00e9 que muitos acordos sejam concretizados nos pr\u00f3ximos meses, fazendo com que o mercado atinja os mesmos patamares de 2015, em que foram realizados 742 neg\u00f3cios\u201d, declara.<\/p>\n<h2>Capital nacional e TI<\/h2>\n<p>O setor de Tecnologia da Informa\u00e7\u00e3o segue como o preferido pelos investidores, sendo 19% dos neg\u00f3cios feitos neste ano. Esse cen\u00e1rio de lideran\u00e7a do mercado de TI est\u00e1 ativo desde janeiro de 2014. Foram feitos 54 neg\u00f3cios neste ano, n\u00famero inferior ao apresentado em 2015 (70 transa\u00e7\u00f5es). Os setores de Servi\u00e7os Auxiliares (32 transa\u00e7\u00f5es e 11% do total)\u00a0 e o Financeiro (26 transa\u00e7\u00f5es e 9% do total) figuram entre o segundo e terceiro lugares, respectivamente, nas prefer\u00eancias dos investidores.<\/p>\n<p>Filtrando por setor, pela quarta vez em 2016, os investidores nacionais foram os que mais fizeram neg\u00f3cios de fus\u00f5es e aquisi\u00e7\u00f5es no pa\u00eds. Com 53% de participa\u00e7\u00e3o nas transa\u00e7\u00f5es concretizadas no primeiro semestre de 2016, os investimentos de origem nacional, com 141 neg\u00f3cios, se consolidaram \u00e0 frente dos investidores estrangeiros, que apresentaram 123 transa\u00e7\u00f5es at\u00e9 junho.<\/p>\n<p><strong>Fonte:<\/strong> conjur.com.br\t\t<\/p>\n","protected":false},"excerpt":{"rendered":"<p>Se a crise econ\u00f4mica aqueceu o mercado de recupera\u00e7\u00e3o judicial ou processos de sa\u00edda de empresas estrangeiras do pa\u00eds, quem trabalha com fus\u00f5es e aquisi\u00e7\u00f5es vive situa\u00e7\u00e3o oposta. Pesquisa da PriceWaterhouseCoopers mostra queda de 29% no n\u00famero dessas opera\u00e7\u00f5es no primeiro semestre deste ano em rela\u00e7\u00e3o ao mesmo per\u00edodo de 2015. Fus\u00e3o feita pela Perdig\u00e3o [&hellip;]<\/p>\n","protected":false},"author":2,"featured_media":0,"comment_status":"open","ping_status":"open","sticky":false,"template":"","format":"standard","meta":{"footnotes":""},"categories":[18,20],"tags":[263,72,609,224,265,610,611,612],"class_list":["post-6652","post","type-post","status-publish","format-standard","hentry","category-noticias","category-noticiasjuridicas","tag-aquisicoes","tag-crise","tag-decrescimo","tag-economia","tag-fusoes","tag-mercado","tag-pesquisa","tag-pwc"],"_links":{"self":[{"href":"https:\/\/silvafreire.com.br\/site\/wp-json\/wp\/v2\/posts\/6652","targetHints":{"allow":["GET"]}}],"collection":[{"href":"https:\/\/silvafreire.com.br\/site\/wp-json\/wp\/v2\/posts"}],"about":[{"href":"https:\/\/silvafreire.com.br\/site\/wp-json\/wp\/v2\/types\/post"}],"author":[{"embeddable":true,"href":"https:\/\/silvafreire.com.br\/site\/wp-json\/wp\/v2\/users\/2"}],"replies":[{"embeddable":true,"href":"https:\/\/silvafreire.com.br\/site\/wp-json\/wp\/v2\/comments?post=6652"}],"version-history":[{"count":0,"href":"https:\/\/silvafreire.com.br\/site\/wp-json\/wp\/v2\/posts\/6652\/revisions"}],"wp:attachment":[{"href":"https:\/\/silvafreire.com.br\/site\/wp-json\/wp\/v2\/media?parent=6652"}],"wp:term":[{"taxonomy":"category","embeddable":true,"href":"https:\/\/silvafreire.com.br\/site\/wp-json\/wp\/v2\/categories?post=6652"},{"taxonomy":"post_tag","embeddable":true,"href":"https:\/\/silvafreire.com.br\/site\/wp-json\/wp\/v2\/tags?post=6652"}],"curies":[{"name":"wp","href":"https:\/\/api.w.org\/{rel}","templated":true}]}}