{"id":6684,"date":"2016-08-17T08:52:04","date_gmt":"2016-08-17T11:52:04","guid":{"rendered":"http:\/\/silvafreire.com.br\/site\/?p=6684"},"modified":"2016-08-17T08:52:04","modified_gmt":"2016-08-17T11:52:04","slug":"bancarios-encerram-conferencia-nacional-e-reivindicam-reposicao-da-inflacao-mais-5-de-aumento-real","status":"publish","type":"post","link":"https:\/\/silvafreire.com.br\/site\/bancarios-encerram-conferencia-nacional-e-reivindicam-reposicao-da-inflacao-mais-5-de-aumento-real\/","title":{"rendered":"Banc\u00e1rios encerram confer\u00eancia nacional e reivindicam reposi\u00e7\u00e3o da infla\u00e7\u00e3o mais 5% de aumento real"},"content":{"rendered":"<p>\t\t\t\tBanc\u00e1rias e banc\u00e1rios encerraram a 18\u00aa Confer\u00eancia Nacional dos Banc\u00e1rios com a aprova\u00e7\u00e3o da minuta de reivindica\u00e7\u00f5es da categoria para a Campanha Nacional 2016. Os trabalhadores reivindicam reposi\u00e7\u00e3o da infla\u00e7\u00e3o mais 5% de aumento real, valoriza\u00e7\u00e3o do piso salarial no valor do sal\u00e1rio m\u00ednimo calculado pelo Dieese (R$3.940,24 em junho), PLR de tr\u00eas sal\u00e1rios mais R$ 8.317,90, mais contrata\u00e7\u00f5es, combate \u00e0s metas abusivas, \u00e0s terceiriza\u00e7\u00f5es e ao ass\u00e9dio moral. Al\u00e9m disso, a categoria se posiciona contra o governo Temer e contra o golpe, que amea\u00e7a direitos e o patrim\u00f4nio do povo brasileiro.<\/p>\n<p>Delegadas e delegados aprovaram, ainda, proposta relacionada \u00e0 paridade de g\u00eanero, com orienta\u00e7\u00e3o de representa\u00e7\u00e3o feminina de 50% na pr\u00f3xima Confer\u00eancia e linha de corte de 30%, al\u00e9m de um manifesto pol\u00edtico em defesa dos direitos dos trabalhadores e contra projetos e medidas do governo interino que atacam as conquistas sociais.<\/p>\n<p>A Confer\u00eancia Nacional foi realizada no hotel Holiday Inn, em S\u00e3o Paulo, entre os dias 29 e 31 de julho, e contou com a participa\u00e7\u00e3o de 633 delegados, sendo 233 mulheres e 400 homens, al\u00e9m de 34 observadores e 51 convidados.<\/p>\n<p>No primeiro dia de evento, foi realizado o 1\u00ba Semin\u00e1rio Nacional do Sistema Financeiro e Sociedade, com a presen\u00e7a de v\u00e1rios convidados, entre eles o ex-presidente Lula, a ex-ministra Tereza Campello e o fil\u00f3sofo Emir Sader. J\u00e1 no segundo dia, os banc\u00e1rios puderam analisar os resultados da Consulta Nacional e a conjuntura econ\u00f4mica, al\u00e9m de realizar reuni\u00f5es em grupos tem\u00e1ticos para debater as propostas para a pauta de reivindica\u00e7\u00f5es.<\/p>\n<p>A minuta ser\u00e1 entregue \u00e0 Fenaban pelo Comando Nacional dos Banc\u00e1rios no dia 9 de agosto em S\u00e3o Paulo.<\/p>\n<p>Mo\u00e7\u00e3o de apoio<\/p>\n<p>A plen\u00e1ria da Confer\u00eancia Nacional aprovou, entre outras quest\u00f5es, uma mo\u00e7\u00e3o de apoio ao Sindicato dos Banc\u00e1rios de BH e Regi\u00e3o e \u00e0 sua presidenta, Eliana Brasil, pelos ataques que vem sofrendo desde a elei\u00e7\u00e3o da atual diretoria.<\/p>\n<p>Manifesto: Nenhum Direito a Menos!<\/p>\n<p>Durante a Confer\u00eancia, as centrais sindicais CUT, CTB, UGT, e Intersindical assinaram, conjuntamente, um manifesto contra o governo interino de Michel Temer e seu programa de retirada de direitos dos trabalhadores. O documento foi aprovado por unanimidade pelos delegados e delegadas da Confer\u00eancia Nacional.<\/p>\n<p>M\u00eddia da Campanha<\/p>\n<p>Tamb\u00e9m na manh\u00e3 deste domingo, 31 de julho, o secret\u00e1rio de imprensa da Contraf-CUT, Gerson Pereira, apresentou a m\u00eddia elaborada pelo coletivo de imprensa para a Campanha Nacional 2016.<\/p>\n<p>Com o mote \u201cS\u00f3 a Luta te Garante\u201d, a m\u00eddia busca conscientizar trabalhadoras e trabalhadores banc\u00e1rios, assim como toda a popula\u00e7\u00e3o, sobre a import\u00e2ncia da mobiliza\u00e7\u00e3o. No atual momento brasileiro, com amea\u00e7as a direitos e conquistas sociais, os trabalhadores devem estar unidos para combater retrocessos e defender a democracia.<\/p>\n<p>A m\u00eddia para a Campanha foi constru\u00edda com a participa\u00e7\u00e3o de representantes de sindicatos de todo o Brasil. O Sindicato esteve presente nas seis reuni\u00f5es realizadas pela Contraf-CUT na sua sede em S\u00e3o Paulo.<\/p>\n<p>Principais reivindica\u00e7\u00f5es aprovadas na confer\u00eancia nacional<\/p>\n<p>Reajuste salarial: 14,78% (que representa reposi\u00e7\u00e3o da infla\u00e7\u00e3o mais 5% de aumento real)<\/p>\n<p>PLR: 3 sal\u00e1rios mais R$8.317,90<\/p>\n<p>Piso: R$3.940,24 (equivalente ao sal\u00e1rio m\u00ednimo do Dieese em valores de junho \u00faltimo).<\/p>\n<p>Vales alimenta\u00e7\u00e3o, refei\u00e7\u00e3o, 13\u00aa cesta e aux\u00edlio-creche\/bab\u00e1 no valor de R$880,00 ao m\u00eas para cada (sal\u00e1rio m\u00ednimo nacional).<\/p>\n<p>Melhores condi\u00e7\u00f5es de trabalho com o fim das metas abusivas e do ass\u00e9dio moral que adoecem os banc\u00e1rios.<\/p>\n<p>Emprego: fim das demiss\u00f5es, mais contrata\u00e7\u00f5es, fim da rotatividade e combate \u00e0s terceiriza\u00e7\u00f5es diante dos riscos de aprova\u00e7\u00e3o do PLC 30\/15 no Senado Federal, al\u00e9m da ratifica\u00e7\u00e3o da Conven\u00e7\u00e3o 158 da OIT, que co\u00edbe dispensas imotivadas.<\/p>\n<p>Plano de Cargos, Carreiras e Sal\u00e1rios (PCCS) para todos os banc\u00e1rios.<\/p>\n<p>Aux\u00edlio-educa\u00e7\u00e3o: pagamento para gradua\u00e7\u00e3o e p\u00f3s.<\/p>\n<p>Preven\u00e7\u00e3o contra assaltos e sequestros: perman\u00eancia de dois vigilantes por andar nas ag\u00eancias e pontos de servi\u00e7os banc\u00e1rios, conforme legisla\u00e7\u00e3o. Instala\u00e7\u00e3o de portas girat\u00f3rias com detector de metais na entrada das \u00e1reas de autoatendimento e biombos nos caixas. Abertura e fechamento remoto das ag\u00eancias, fim da guarda das chaves por funcion\u00e1rios.<\/p>\n<p>Igualdade de oportunidades: fim \u00e0s discrimina\u00e7\u00f5es nos sal\u00e1rios e na ascens\u00e3o profissional de mulheres, negros, gays, l\u00e9sbicas, transsexuais e pessoas com defici\u00eancia (PCDs).<\/p>\n<p><strong>Fonte:<\/strong> bancariosbh.org.br\t\t<\/p>\n","protected":false},"excerpt":{"rendered":"<p>Banc\u00e1rias e banc\u00e1rios encerraram a 18\u00aa Confer\u00eancia Nacional dos Banc\u00e1rios com a aprova\u00e7\u00e3o da minuta de reivindica\u00e7\u00f5es da categoria para a Campanha Nacional 2016. Os trabalhadores reivindicam reposi\u00e7\u00e3o da infla\u00e7\u00e3o mais 5% de aumento real, valoriza\u00e7\u00e3o do piso salarial no valor do sal\u00e1rio m\u00ednimo calculado pelo Dieese (R$3.940,24 em junho), PLR de tr\u00eas sal\u00e1rios mais [&hellip;]<\/p>\n","protected":false},"author":2,"featured_media":0,"comment_status":"open","ping_status":"open","sticky":false,"template":"","format":"standard","meta":{"footnotes":""},"categories":[21,18],"tags":[624,169,435,625,164],"class_list":["post-6684","post","type-post","status-publish","format-standard","hentry","category-noticiasbancarios","category-noticias","tag-aumento","tag-banco","tag-inflacao","tag-reajuste","tag-salario"],"_links":{"self":[{"href":"https:\/\/silvafreire.com.br\/site\/wp-json\/wp\/v2\/posts\/6684","targetHints":{"allow":["GET"]}}],"collection":[{"href":"https:\/\/silvafreire.com.br\/site\/wp-json\/wp\/v2\/posts"}],"about":[{"href":"https:\/\/silvafreire.com.br\/site\/wp-json\/wp\/v2\/types\/post"}],"author":[{"embeddable":true,"href":"https:\/\/silvafreire.com.br\/site\/wp-json\/wp\/v2\/users\/2"}],"replies":[{"embeddable":true,"href":"https:\/\/silvafreire.com.br\/site\/wp-json\/wp\/v2\/comments?post=6684"}],"version-history":[{"count":0,"href":"https:\/\/silvafreire.com.br\/site\/wp-json\/wp\/v2\/posts\/6684\/revisions"}],"wp:attachment":[{"href":"https:\/\/silvafreire.com.br\/site\/wp-json\/wp\/v2\/media?parent=6684"}],"wp:term":[{"taxonomy":"category","embeddable":true,"href":"https:\/\/silvafreire.com.br\/site\/wp-json\/wp\/v2\/categories?post=6684"},{"taxonomy":"post_tag","embeddable":true,"href":"https:\/\/silvafreire.com.br\/site\/wp-json\/wp\/v2\/tags?post=6684"}],"curies":[{"name":"wp","href":"https:\/\/api.w.org\/{rel}","templated":true}]}}