{"id":6836,"date":"2016-10-12T08:10:48","date_gmt":"2016-10-12T11:10:48","guid":{"rendered":"http:\/\/silvafreire.com.br\/site\/?p=6836"},"modified":"2016-10-12T08:10:48","modified_gmt":"2016-10-12T11:10:48","slug":"apos-ofender-o-porteiro-do-predio-onde-mora-juiza-e-condenada-por-danos-morais","status":"publish","type":"post","link":"https:\/\/silvafreire.com.br\/site\/apos-ofender-o-porteiro-do-predio-onde-mora-juiza-e-condenada-por-danos-morais\/","title":{"rendered":"Ap\u00f3s ofender o porteiro do pr\u00e9dio onde mora, Ju\u00edza \u00e9 condenada por danos morais"},"content":{"rendered":"<p>\t\t\t\tO caso inusitado, que aconteceu no Rio de Janeiro, virou not\u00edcia essa semana nas redes sociais. Tudo aconteceu quando a ju\u00edza Edna Carvalho Kleemann, magistrada da 12\u00aa vara Federal do Rio de Janeiro, foi condenada por danos morais por ter se chamado o porteiro do condom\u00ednio onde mora de \u201cbolo de banha\u201d.<\/p>\n<p>A condena\u00e7\u00e3o foi decis\u00e3o da ju\u00edza da 1\u00aa vara C\u00edvel do Rio de Janeiro, Marisa Sim\u00f5es Mattos Passos, que analisou o caso.<\/p>\n<h2>Perseguido h\u00e1 quase 3 anos<\/h2>\n<p>Ao registrar a acusa\u00e7\u00e3o, o porteiro, que preferiu manter o anonimato, relatou que desde 2013, ano em que come\u00e7ou a prestar servi\u00e7os ao edif\u00edcio localizado no bairro de Copacabana, no Rio de Janeiro, tem sido alvo de persegui\u00e7\u00e3o da Ju\u00edza Edna Kleemann.<\/p>\n<p>Apesar de se considerar um profissional eficiente, o autor conta que a Ju\u00edza Edna enviou in\u00fameros e-mails \u00e0 sindica do pr\u00e9dio solicitando sua demiss\u00e3o. Em um desses e-mails, a magistrada se referiu ao porteiro como \u201cbolo de banha\u201d.<\/p>\n<h2>Defesa ineficiente<\/h2>\n<p>Em sua defesa, Edna afirmou que encontrou o autor em situa\u00e7\u00e3o que ela considera desleixada por v\u00e1rias vezes e, por isso, enviou as mensagens \u00e0 sindica. A ju\u00edza confirmou que em uma das mensagens chamou o porteiro de \u201cbolo de banha\u201d, mas justifica que a mensagem era confidencial \u00e0 s\u00edndica e, por isso, pediu o indeferimento da indeniza\u00e7\u00e3o.<\/p>\n<p>A s\u00edndica, indignada, tratou de espalhar o conte\u00fado difamat\u00f3rio para todos os moradores e colaboradores do pr\u00e9dio.<\/p>\n<h2>Avalia\u00e7\u00e3o do caso<\/h2>\n<p>A ju\u00edza Marisa Passos avaliou que o fato de a s\u00edndica ter levado ao conhecimento do porteiro \u00e0s reclama\u00e7\u00f5es pertinentes \u00e0s fun\u00e7\u00f5es exercidas por ele.<\/p>\n<p>De acordo com as considera\u00e7\u00f5es da magistrada, ao ter ci\u00eancia das reclama\u00e7\u00f5es de Edna, foi propiciado a ele o \u201cexerc\u00edcio pr\u00e9vio do seu direito de defesa, antes de eventual anota\u00e7\u00e3o disciplinar ou at\u00e9 mesmo a demiss\u00e3o\u201d.<\/p>\n<p>A ju\u00edza Marisa Passos concluiu que \u201ca exist\u00eancia de dolo indireto na conduta da r\u00e9 quanto a express\u00e3o de cunho ofensivo lan\u00e7ada em desfavor do autor ante o seu extenso hist\u00f3rico de reclama\u00e7\u00f5es contra este, com o real intuito de ofend\u00ea-lo, j\u00e1 que as outras cr\u00edticas lan\u00e7adas n\u00e3o foram suficientes na vis\u00e3o da r\u00e9, mesmo em e-mail direcionado a terceira pessoa, o que n\u00e3o suaviza a a\u00e7\u00e3o comissiva da agente\u201d.<\/p>\n<p>Em seguida, a magistrada configurou os danos morais e fixou o valor da indeniza\u00e7\u00e3o em R$10 mil, justificando: &#8220;(&#8230;) visto que ningu\u00e9m est\u00e1 em seu local de trabalho para ser ofendido. Afinal, as pessoas s\u00e3o pagas para trabalharem, e n\u00e3o receberem desaforos, sobretudo, referentes a quest\u00f5es estranhas ao exerc\u00edcio de sua profiss\u00e3o&#8221;.<\/p>\n<p><strong>Fonte:<\/strong> jusbrasil.com.br\t\t<\/p>\n","protected":false},"excerpt":{"rendered":"<p>O caso inusitado, que aconteceu no Rio de Janeiro, virou not\u00edcia essa semana nas redes sociais. Tudo aconteceu quando a ju\u00edza Edna Carvalho Kleemann, magistrada da 12\u00aa vara Federal do Rio de Janeiro, foi condenada por danos morais por ter se chamado o porteiro do condom\u00ednio onde mora de \u201cbolo de banha\u201d. A condena\u00e7\u00e3o foi [&hellip;]<\/p>\n","protected":false},"author":2,"featured_media":0,"comment_status":"open","ping_status":"open","sticky":false,"template":"","format":"standard","meta":{"footnotes":""},"categories":[18,19],"tags":[708,26,709,710,192],"class_list":["post-6836","post","type-post","status-publish","format-standard","hentry","category-noticias","category-noticiasfisicas","tag-12a-vara","tag-danos-morais","tag-juiza","tag-porteiro","tag-rio-de-janeiro"],"_links":{"self":[{"href":"https:\/\/silvafreire.com.br\/site\/wp-json\/wp\/v2\/posts\/6836","targetHints":{"allow":["GET"]}}],"collection":[{"href":"https:\/\/silvafreire.com.br\/site\/wp-json\/wp\/v2\/posts"}],"about":[{"href":"https:\/\/silvafreire.com.br\/site\/wp-json\/wp\/v2\/types\/post"}],"author":[{"embeddable":true,"href":"https:\/\/silvafreire.com.br\/site\/wp-json\/wp\/v2\/users\/2"}],"replies":[{"embeddable":true,"href":"https:\/\/silvafreire.com.br\/site\/wp-json\/wp\/v2\/comments?post=6836"}],"version-history":[{"count":0,"href":"https:\/\/silvafreire.com.br\/site\/wp-json\/wp\/v2\/posts\/6836\/revisions"}],"wp:attachment":[{"href":"https:\/\/silvafreire.com.br\/site\/wp-json\/wp\/v2\/media?parent=6836"}],"wp:term":[{"taxonomy":"category","embeddable":true,"href":"https:\/\/silvafreire.com.br\/site\/wp-json\/wp\/v2\/categories?post=6836"},{"taxonomy":"post_tag","embeddable":true,"href":"https:\/\/silvafreire.com.br\/site\/wp-json\/wp\/v2\/tags?post=6836"}],"curies":[{"name":"wp","href":"https:\/\/api.w.org\/{rel}","templated":true}]}}