{"id":8038,"date":"2017-12-12T06:20:07","date_gmt":"2017-12-12T09:20:07","guid":{"rendered":"http:\/\/silvafreire.com.br\/site\/?p=8038"},"modified":"2017-12-12T06:20:07","modified_gmt":"2017-12-12T09:20:07","slug":"unimed-deve-reembolsar-indenizar-paciente-por-negativa-tratamento-cancer","status":"publish","type":"post","link":"https:\/\/silvafreire.com.br\/site\/unimed-deve-reembolsar-indenizar-paciente-por-negativa-tratamento-cancer\/","title":{"rendered":"Unimed deve reembolsar e indenizar paciente por negativa de tratamento para c\u00e2ncer"},"content":{"rendered":"<p>\t\t\t\t<img decoding=\"async\" class=\"aligncenter wp-image-7898\" src=\"http:\/\/silvafreire.com.br\/site\/wp-content\/uploads\/2017\/10\/Postlink_silva_freire2.png\" alt=\"\" width=\"0\" height=\"0\" \/><\/p>\n<p><span style=\"font-weight: 400;\">A Unimed de Fortaleza foi condenada por danos morais e ter\u00e1 que pagar R$ 15.345,26, pois um de seus clientes teve o tratamento de c\u00e2ncer negado.<\/span><\/p>\n<p><span style=\"font-weight: 400;\">O juiz Cristiano Rabelo Leit\u00e3o explanou que \u201cinexiste controv\u00e9rsia relativa \u00e0 cobertura contratual para o tratamento da doen\u00e7a, de forma que n\u00e3o se pode considerar l\u00edcita a recusa ao tratamento indicado pelo profissional m\u00e9dico, ao argumento de aus\u00eancia de cobertura, uma vez que, se a mol\u00e9stia que acomete a parte autora est\u00e1 inclu\u00edda, cabe \u00e0 operadora tamb\u00e9m suprir as despesas com o tratamento necess\u00e1rio\u201d.<\/span><\/p>\n<p><span style=\"font-weight: 400;\">A cliente possui neoplasia de c\u00f3lon. Sendo diagnosticada em 2013, adquiriu o plano de sa\u00fade que tamb\u00e9m cobriria seus rem\u00e9dios, al\u00e9m da quimioterapia e cirurgia, todos negados pela Unimed.<\/span><\/p>\n<p><span style=\"font-weight: 400;\">De acordo com o juiz, os autos comprovam que a paciente sofreu afli\u00e7\u00f5es, desequil\u00edbrio e ang\u00fastias por seu tratamento ser negado. Deste modo, foi condenada a pagar t\u00edtulos de danos morais \u00e0 paciente.<\/span><\/p>\n<p><b>Fonte:<\/b><a href=\"http:\/\/www.jusbrasil.com.br\/\"> <b>www.jusbrasil.com.br<\/b><\/a><\/p>\n<div id=\"form-sites-61006ccfc282d63a0529\"><\/div>\n<p><script type=\"text\/javascript\" src=\"https:\/\/d335luupugsy2.cloudfront.net\/js\/rdstation-forms\/stable\/rdstation-forms.min.js\"><\/script><br \/>\n<script type=\"text\/javascript\">\n  new RDStationForms('form-sites-61006ccfc282d63a0529-html', 'UA-33267483-1').createForm();\n<\/script>\t\t<\/p>\n","protected":false},"excerpt":{"rendered":"<p>A Unimed de Fortaleza foi condenada por danos morais e ter\u00e1 que pagar R$ 15.345,26, pois um de seus clientes teve o tratamento de c\u00e2ncer negado. O juiz Cristiano Rabelo Leit\u00e3o explanou que \u201cinexiste controv\u00e9rsia relativa \u00e0 cobertura contratual para o tratamento da doen\u00e7a, de forma que n\u00e3o se pode considerar l\u00edcita a recusa ao [&hellip;]<\/p>\n","protected":false},"author":2,"featured_media":0,"comment_status":"open","ping_status":"open","sticky":false,"template":"","format":"standard","meta":{"footnotes":""},"categories":[19],"tags":[1566,26,1575,205,1576],"class_list":["post-8038","post","type-post","status-publish","format-standard","hentry","category-noticiasfisicas","tag-cancer","tag-danos-morais","tag-neoplasia-de-colon","tag-unimed","tag-unimed-de-fortaleza"],"_links":{"self":[{"href":"https:\/\/silvafreire.com.br\/site\/wp-json\/wp\/v2\/posts\/8038","targetHints":{"allow":["GET"]}}],"collection":[{"href":"https:\/\/silvafreire.com.br\/site\/wp-json\/wp\/v2\/posts"}],"about":[{"href":"https:\/\/silvafreire.com.br\/site\/wp-json\/wp\/v2\/types\/post"}],"author":[{"embeddable":true,"href":"https:\/\/silvafreire.com.br\/site\/wp-json\/wp\/v2\/users\/2"}],"replies":[{"embeddable":true,"href":"https:\/\/silvafreire.com.br\/site\/wp-json\/wp\/v2\/comments?post=8038"}],"version-history":[{"count":0,"href":"https:\/\/silvafreire.com.br\/site\/wp-json\/wp\/v2\/posts\/8038\/revisions"}],"wp:attachment":[{"href":"https:\/\/silvafreire.com.br\/site\/wp-json\/wp\/v2\/media?parent=8038"}],"wp:term":[{"taxonomy":"category","embeddable":true,"href":"https:\/\/silvafreire.com.br\/site\/wp-json\/wp\/v2\/categories?post=8038"},{"taxonomy":"post_tag","embeddable":true,"href":"https:\/\/silvafreire.com.br\/site\/wp-json\/wp\/v2\/tags?post=8038"}],"curies":[{"name":"wp","href":"https:\/\/api.w.org\/{rel}","templated":true}]}}