{"id":8274,"date":"2018-04-04T13:24:34","date_gmt":"2018-04-04T16:24:34","guid":{"rendered":"http:\/\/silvafreire.com.br\/site\/?p=8274"},"modified":"2018-04-04T13:24:34","modified_gmt":"2018-04-04T16:24:34","slug":"empresas-sao-retiradas-da-desoneracao-devido-a-melhora-na-economia","status":"publish","type":"post","link":"https:\/\/silvafreire.com.br\/site\/empresas-sao-retiradas-da-desoneracao-devido-a-melhora-na-economia\/","title":{"rendered":"Empresas s\u00e3o retiradas da desonera\u00e7\u00e3o devido a melhora na economia"},"content":{"rendered":"<p>\t\t\t\tCada vez mais empresas est\u00e3o abandonando, por vontade pr\u00f3pria, a desonera\u00e7\u00e3o da folha de pagamento. O impulso est\u00e1 sendo dado pela recupera\u00e7\u00e3o da economia.<\/p>\n<p>Desde 2014, ano de pico de ingressos no regime tribut\u00e1rio, o n\u00famero de participantes caiu a menos da metade.<\/p>\n<p>Lan\u00e7ado em 2011, no governo Dilma Rousseff, o programa visa a reduzir os custos de produ\u00e7\u00e3o de setores que empregam muita gente, permitindo que as empresas deixem de recolher os 20% da contribui\u00e7\u00e3o previdenci\u00e1ria sobre a folha de pagamento. Em troca, passam a pagar um percentual do faturamento, que varia de 1% a 4,5%.<\/p>\n<p>Em 2016, ap\u00f3s o governo elevar as al\u00edquotas, muitas empresas deixaram o regime, que passou a ser opcional para 56 setores selecionados, entre os quais t\u00eaxtil, cal\u00e7adista, de constru\u00e7\u00e3o e comunica\u00e7\u00e3o (como jornais e TVs). Em 2017, o \u00eaxodo prosseguiu.<\/p>\n<p>Se antes o abandono da desonera\u00e7\u00e3o foi motivado por uma inadequa\u00e7\u00e3o ao regime tribut\u00e1rio \u2014uma empresa que emprega pouca gente, por exemplo\u2014, agora a sa\u00edda ocorre pelo aumento da receita, em raz\u00e3o da recupera\u00e7\u00e3o da economia.<\/p>\n<p>O fato de as empresas terem passado a faturar mais com a melhora da economia torna a desonera\u00e7\u00e3o desvantajosa, pois a tributa\u00e7\u00e3o incide sobre a receita. Acaba valendo a pena voltar a recolher a tributa\u00e7\u00e3o previdenci\u00e1ria.<\/p>\n<p><strong>Fonte: <\/strong><a href=\"http:\/\/www.contabeis.com.br\/\"><strong>contabeis.com.br<\/strong><\/a><\/p>\n<p><img decoding=\"async\" class=\"aligncenter wp-image-7898\" src=\"http:\/\/silvafreire.com.br\/site\/wp-content\/uploads\/2017\/10\/Postlink_silva_freire2.png\" alt=\"Not\u00edcia para come\u00e7ar o dia bem informado\" width=\"1\" height=\"1\" \/>\t\t<\/p>\n","protected":false},"excerpt":{"rendered":"<p>Cada vez mais empresas est\u00e3o abandonando, por vontade pr\u00f3pria, a desonera\u00e7\u00e3o da folha de pagamento. O impulso est\u00e1 sendo dado pela recupera\u00e7\u00e3o da economia. Desde 2014, ano de pico de ingressos no regime tribut\u00e1rio, o n\u00famero de participantes caiu a menos da metade. Lan\u00e7ado em 2011, no governo Dilma Rousseff, o programa visa a reduzir [&hellip;]<\/p>\n","protected":false},"author":2,"featured_media":0,"comment_status":"open","ping_status":"open","sticky":false,"template":"","format":"standard","meta":{"footnotes":""},"categories":[18,20],"tags":[1738,224],"class_list":["post-8274","post","type-post","status-publish","format-standard","hentry","category-noticias","category-noticiasjuridicas","tag-desoneracao","tag-economia"],"_links":{"self":[{"href":"https:\/\/silvafreire.com.br\/site\/wp-json\/wp\/v2\/posts\/8274","targetHints":{"allow":["GET"]}}],"collection":[{"href":"https:\/\/silvafreire.com.br\/site\/wp-json\/wp\/v2\/posts"}],"about":[{"href":"https:\/\/silvafreire.com.br\/site\/wp-json\/wp\/v2\/types\/post"}],"author":[{"embeddable":true,"href":"https:\/\/silvafreire.com.br\/site\/wp-json\/wp\/v2\/users\/2"}],"replies":[{"embeddable":true,"href":"https:\/\/silvafreire.com.br\/site\/wp-json\/wp\/v2\/comments?post=8274"}],"version-history":[{"count":0,"href":"https:\/\/silvafreire.com.br\/site\/wp-json\/wp\/v2\/posts\/8274\/revisions"}],"wp:attachment":[{"href":"https:\/\/silvafreire.com.br\/site\/wp-json\/wp\/v2\/media?parent=8274"}],"wp:term":[{"taxonomy":"category","embeddable":true,"href":"https:\/\/silvafreire.com.br\/site\/wp-json\/wp\/v2\/categories?post=8274"},{"taxonomy":"post_tag","embeddable":true,"href":"https:\/\/silvafreire.com.br\/site\/wp-json\/wp\/v2\/tags?post=8274"}],"curies":[{"name":"wp","href":"https:\/\/api.w.org\/{rel}","templated":true}]}}