{"id":8294,"date":"2018-04-23T16:27:48","date_gmt":"2018-04-23T19:27:48","guid":{"rendered":"http:\/\/silvafreire.com.br\/site\/?p=8294"},"modified":"2018-04-23T16:27:48","modified_gmt":"2018-04-23T19:27:48","slug":"prazo-para-que-micro-e-pequenos-empresarios-facam-adesao-ao-refis-e-de-90-dias","status":"publish","type":"post","link":"https:\/\/silvafreire.com.br\/site\/prazo-para-que-micro-e-pequenos-empresarios-facam-adesao-ao-refis-e-de-90-dias\/","title":{"rendered":"Prazo para que micro e pequenos empres\u00e1rios fa\u00e7am ades\u00e3o ao Refis \u00e9 de 90 dias"},"content":{"rendered":"<p>\t\t\t\tAs micro e pequenas empresas que quiserem aderir ao novo Refis (programa de renegocia\u00e7\u00e3o de d\u00edvida tribut\u00e1rias) devem se atentar aos prazos para ingresso no programa. Elas ter\u00e3o at\u00e9 90 dias ap\u00f3s a entrada em vigor da lei para procurar a Receita Federal. A ades\u00e3o se tornou poss\u00edvel porque o Congresso derrubou um veto presidencial que impedia micro e pequenas empresas de entrarem no Refis.<\/p>\n<p>O programa possibilita o pagamento parcelado, em at\u00e9 15 anos, dos impostos devidos at\u00e9 novembro de 2017. O valor m\u00ednimo da parcela \u00e9 de R$ 300,00. Ap\u00f3s ingressarem no Refis, as empresas devem pagar 5% do valor total da d\u00edvida em cinco parcelas mensais, sem redu\u00e7\u00f5es. O valor restante pode ser quitado em at\u00e9 175 meses, com descontos de at\u00e9 90% dos encargos legais. O valor do desconto vai variar de acordo com o prazo de pagamento.<\/p>\n<p>Para o pagamento em parcela \u00fanica, haver\u00e1 redu\u00e7\u00e3o de 90% dos juros de mora e de 70% das multas. Para pagamento em at\u00e9 145 meses, a redu\u00e7\u00e3o ser\u00e1 de 80% dos juros de mora e de 50% das multas. J\u00e1 para pagamento em at\u00e9 175 meses, a redu\u00e7\u00e3o \u00e9 de 50% dos juros e de 25% das multas.<\/p>\n<p><strong>Fonte: <\/strong><a href=\"https:\/\/sitecontabil.com.br\/\"><strong>sitecontabil.com.br<\/strong><\/a><\/p>\n<p><img decoding=\"async\" class=\"aligncenter wp-image-7885\" src=\"http:\/\/silvafreire.com.br\/site\/wp-content\/uploads\/2017\/10\/Postlink_silva_freire.png\" alt=\"Not\u00edcia para acabar o dia bem informado\" width=\"1\" height=\"1\" \/>\t\t<\/p>\n","protected":false},"excerpt":{"rendered":"<p>As micro e pequenas empresas que quiserem aderir ao novo Refis (programa de renegocia\u00e7\u00e3o de d\u00edvida tribut\u00e1rias) devem se atentar aos prazos para ingresso no programa. Elas ter\u00e3o at\u00e9 90 dias ap\u00f3s a entrada em vigor da lei para procurar a Receita Federal. A ades\u00e3o se tornou poss\u00edvel porque o Congresso derrubou um veto presidencial [&hellip;]<\/p>\n","protected":false},"author":2,"featured_media":0,"comment_status":"open","ping_status":"open","sticky":false,"template":"","format":"standard","meta":{"footnotes":""},"categories":[18,20],"tags":[1754,1755,1756],"class_list":["post-8294","post","type-post","status-publish","format-standard","hentry","category-noticias","category-noticiasjuridicas","tag-micro-empresarios","tag-pequenos-empresarios","tag-refis"],"_links":{"self":[{"href":"https:\/\/silvafreire.com.br\/site\/wp-json\/wp\/v2\/posts\/8294","targetHints":{"allow":["GET"]}}],"collection":[{"href":"https:\/\/silvafreire.com.br\/site\/wp-json\/wp\/v2\/posts"}],"about":[{"href":"https:\/\/silvafreire.com.br\/site\/wp-json\/wp\/v2\/types\/post"}],"author":[{"embeddable":true,"href":"https:\/\/silvafreire.com.br\/site\/wp-json\/wp\/v2\/users\/2"}],"replies":[{"embeddable":true,"href":"https:\/\/silvafreire.com.br\/site\/wp-json\/wp\/v2\/comments?post=8294"}],"version-history":[{"count":0,"href":"https:\/\/silvafreire.com.br\/site\/wp-json\/wp\/v2\/posts\/8294\/revisions"}],"wp:attachment":[{"href":"https:\/\/silvafreire.com.br\/site\/wp-json\/wp\/v2\/media?parent=8294"}],"wp:term":[{"taxonomy":"category","embeddable":true,"href":"https:\/\/silvafreire.com.br\/site\/wp-json\/wp\/v2\/categories?post=8294"},{"taxonomy":"post_tag","embeddable":true,"href":"https:\/\/silvafreire.com.br\/site\/wp-json\/wp\/v2\/tags?post=8294"}],"curies":[{"name":"wp","href":"https:\/\/api.w.org\/{rel}","templated":true}]}}