{"id":8307,"date":"2018-04-30T15:04:05","date_gmt":"2018-04-30T18:04:05","guid":{"rendered":"http:\/\/silvafreire.com.br\/site\/?p=8307"},"modified":"2018-04-30T15:04:05","modified_gmt":"2018-04-30T18:04:05","slug":"se-conseguir-emprego-dias-apos-dispensa-ex-empregado-nao-perde-aviso-previo","status":"publish","type":"post","link":"https:\/\/silvafreire.com.br\/site\/se-conseguir-emprego-dias-apos-dispensa-ex-empregado-nao-perde-aviso-previo\/","title":{"rendered":"Se conseguir emprego dias ap\u00f3s dispensa, ex-empregado n\u00e3o perde aviso pr\u00e9vio"},"content":{"rendered":"<p>\t\t\t\tEmpregado demitido que consegue trabalhar em outra empresa dias ap\u00f3s o desligamento n\u00e3o perde o direito de receber valor referente ao aviso pr\u00e9vio. Com esse entendimento, a 11\u00aa Turma do Tribunal Regional do Trabalho da 4\u00aa Regi\u00e3o (RS) reformou senten\u00e7a que havia negado o pagamento da verba rescis\u00f3ria a um oper\u00e1rio.<\/p>\n<p>A Vara do Trabalho de Santana do Livramento declarou a rescis\u00e3o indireta, porque a empresa deixou de pagar verbas rescis\u00f3rias e o sal\u00e1rio referente ao m\u00eas de novembro de 2014.<\/p>\n<p>O relator no TRT-4, desembargador Marcos Fagundes Salom\u00e3o, entendeu que o fato de o autor do processo ter sido admitido por outra empresa poucos dias ap\u00f3s a sa\u00edda n\u00e3o afasta o direito de receber o aviso pr\u00e9vio. &#8220;O amparo f\u00e1tico do direito \u00e9 o desligamento por iniciativa e\/ou culpa da empregadora, e n\u00e3o a aus\u00eancia de obten\u00e7\u00e3o de novo emprego&#8221;, afirmou.<\/p>\n<p><strong>Fonte: <\/strong><a href=\"https:\/\/www.conjur.com.br\/\"><strong>conjur.com.br<\/strong><\/a><\/p>\n<p><img decoding=\"async\" class=\"aligncenter wp-image-7885\" src=\"http:\/\/silvafreire.com.br\/site\/wp-content\/uploads\/2017\/10\/Postlink_silva_freire.png\" alt=\"Not\u00edcia para acabar o dia bem informado\" width=\"1\" height=\"1\" \/>\t\t<\/p>\n","protected":false},"excerpt":{"rendered":"<p>Empregado demitido que consegue trabalhar em outra empresa dias ap\u00f3s o desligamento n\u00e3o perde o direito de receber valor referente ao aviso pr\u00e9vio. Com esse entendimento, a 11\u00aa Turma do Tribunal Regional do Trabalho da 4\u00aa Regi\u00e3o (RS) reformou senten\u00e7a que havia negado o pagamento da verba rescis\u00f3ria a um oper\u00e1rio. A Vara do Trabalho [&hellip;]<\/p>\n","protected":false},"author":2,"featured_media":0,"comment_status":"open","ping_status":"open","sticky":false,"template":"","format":"standard","meta":{"footnotes":""},"categories":[18],"tags":[696,93,600,143],"class_list":["post-8307","post","type-post","status-publish","format-standard","hentry","category-noticias","tag-aviso-previo","tag-demissao","tag-dispensa","tag-emprego"],"_links":{"self":[{"href":"https:\/\/silvafreire.com.br\/site\/wp-json\/wp\/v2\/posts\/8307","targetHints":{"allow":["GET"]}}],"collection":[{"href":"https:\/\/silvafreire.com.br\/site\/wp-json\/wp\/v2\/posts"}],"about":[{"href":"https:\/\/silvafreire.com.br\/site\/wp-json\/wp\/v2\/types\/post"}],"author":[{"embeddable":true,"href":"https:\/\/silvafreire.com.br\/site\/wp-json\/wp\/v2\/users\/2"}],"replies":[{"embeddable":true,"href":"https:\/\/silvafreire.com.br\/site\/wp-json\/wp\/v2\/comments?post=8307"}],"version-history":[{"count":0,"href":"https:\/\/silvafreire.com.br\/site\/wp-json\/wp\/v2\/posts\/8307\/revisions"}],"wp:attachment":[{"href":"https:\/\/silvafreire.com.br\/site\/wp-json\/wp\/v2\/media?parent=8307"}],"wp:term":[{"taxonomy":"category","embeddable":true,"href":"https:\/\/silvafreire.com.br\/site\/wp-json\/wp\/v2\/categories?post=8307"},{"taxonomy":"post_tag","embeddable":true,"href":"https:\/\/silvafreire.com.br\/site\/wp-json\/wp\/v2\/tags?post=8307"}],"curies":[{"name":"wp","href":"https:\/\/api.w.org\/{rel}","templated":true}]}}