{"id":8314,"date":"2018-04-30T15:17:20","date_gmt":"2018-04-30T18:17:20","guid":{"rendered":"http:\/\/silvafreire.com.br\/site\/?p=8314"},"modified":"2018-04-30T15:17:20","modified_gmt":"2018-04-30T18:17:20","slug":"pode-haver-questionamento-sobre-a-desconsideracao-da-personalidade-juridica-mesmo-apos-a-coisa-julgada","status":"publish","type":"post","link":"https:\/\/silvafreire.com.br\/site\/pode-haver-questionamento-sobre-a-desconsideracao-da-personalidade-juridica-mesmo-apos-a-coisa-julgada\/","title":{"rendered":"Pode haver questionamento sobre a desconsidera\u00e7\u00e3o da personalidade jur\u00eddica mesmo ap\u00f3s a coisa julgada"},"content":{"rendered":"<p>\t\t\t\tO tr\u00e2nsito em julgado da decis\u00e3o que desconstitui a personalidade jur\u00eddica de uma empresa (para possibilitar a execu\u00e7\u00e3o contra seus s\u00f3cios) n\u00e3o impede que os s\u00f3cios posteriormente inclu\u00eddos na a\u00e7\u00e3o discutam a aus\u00eancia de requisitos para a decreta\u00e7\u00e3o da medida, j\u00e1 que o tr\u00e2nsito em julgado n\u00e3o atinge quem n\u00e3o integrava a demanda originalmente.<\/p>\n<p>Dessa forma, os s\u00f3cios poderiam questionar a desconsidera\u00e7\u00e3o por meio de embargos \u00e0 execu\u00e7\u00e3o, como ocorreu em um caso analisado pela 3\u00aa Turma do Superior Tribunal de Justi\u00e7a.<\/p>\n<p>Na a\u00e7\u00e3o, o credor promoveu a execu\u00e7\u00e3o de t\u00edtulo extrajudicial contra uma empresa de assist\u00eancia m\u00e9dica e, durante o processo, foi declarada incidentalmente a desconsidera\u00e7\u00e3o da personalidade jur\u00eddica para que os s\u00f3cios respondessem pela d\u00edvida, com base no artigo 50 do C\u00f3digo Civil de 2002 e na instaura\u00e7\u00e3o de procedimento de liquida\u00e7\u00e3o extrajudicial contra a executada por parte da Ag\u00eancia Nacional de Sa\u00fade Suplementar (ANS).<\/p>\n<p>Os s\u00f3cios opuseram embargos \u00e0 execu\u00e7\u00e3o alegando a aus\u00eancia de requisitos para a desconsidera\u00e7\u00e3o da personalidade jur\u00eddica e o cerceamento de defesa, pois, segundo eles, n\u00e3o foram chamados a se manifestar sobre o ato durante o prazo legal.<\/p>\n<p>O tribunal de origem n\u00e3o acolheu as alega\u00e7\u00f5es por entender que a discuss\u00e3o sobre a desconsidera\u00e7\u00e3o da personalidade jur\u00eddica j\u00e1 estaria preclusa por for\u00e7a do tr\u00e2nsito em julgado da decis\u00e3o que decretou a medida e por n\u00e3o serem os embargos \u00e0 execu\u00e7\u00e3o adequados para tal contesta\u00e7\u00e3o.<\/p>\n<p>No STJ, o ministro relator, Villas B\u00f4as Cueva, destacou que n\u00e3o h\u00e1 que se falar em preclus\u00e3o da decis\u00e3o para os s\u00f3cios, pois nos autos ficou claro que a desconsidera\u00e7\u00e3o aconteceu em fase processual anterior ao seu ingresso no processo.<\/p>\n<p><strong>Fonte: <\/strong><a href=\"https:\/\/www.conjur.com.br\/\"><strong>conjur.com.br<\/strong><\/a>\t\t<\/p>\n","protected":false},"excerpt":{"rendered":"<p>O tr\u00e2nsito em julgado da decis\u00e3o que desconstitui a personalidade jur\u00eddica de uma empresa (para possibilitar a execu\u00e7\u00e3o contra seus s\u00f3cios) n\u00e3o impede que os s\u00f3cios posteriormente inclu\u00eddos na a\u00e7\u00e3o discutam a aus\u00eancia de requisitos para a decreta\u00e7\u00e3o da medida, j\u00e1 que o tr\u00e2nsito em julgado n\u00e3o atinge quem n\u00e3o integrava a demanda originalmente. Dessa [&hellip;]<\/p>\n","protected":false},"author":2,"featured_media":0,"comment_status":"open","ping_status":"open","sticky":false,"template":"","format":"standard","meta":{"footnotes":""},"categories":[18],"tags":[1771,1746,1772],"class_list":["post-8314","post","type-post","status-publish","format-standard","hentry","category-noticias","tag-coisa-julgada","tag-personalidade-juridica","tag-questionamento"],"_links":{"self":[{"href":"https:\/\/silvafreire.com.br\/site\/wp-json\/wp\/v2\/posts\/8314","targetHints":{"allow":["GET"]}}],"collection":[{"href":"https:\/\/silvafreire.com.br\/site\/wp-json\/wp\/v2\/posts"}],"about":[{"href":"https:\/\/silvafreire.com.br\/site\/wp-json\/wp\/v2\/types\/post"}],"author":[{"embeddable":true,"href":"https:\/\/silvafreire.com.br\/site\/wp-json\/wp\/v2\/users\/2"}],"replies":[{"embeddable":true,"href":"https:\/\/silvafreire.com.br\/site\/wp-json\/wp\/v2\/comments?post=8314"}],"version-history":[{"count":0,"href":"https:\/\/silvafreire.com.br\/site\/wp-json\/wp\/v2\/posts\/8314\/revisions"}],"wp:attachment":[{"href":"https:\/\/silvafreire.com.br\/site\/wp-json\/wp\/v2\/media?parent=8314"}],"wp:term":[{"taxonomy":"category","embeddable":true,"href":"https:\/\/silvafreire.com.br\/site\/wp-json\/wp\/v2\/categories?post=8314"},{"taxonomy":"post_tag","embeddable":true,"href":"https:\/\/silvafreire.com.br\/site\/wp-json\/wp\/v2\/tags?post=8314"}],"curies":[{"name":"wp","href":"https:\/\/api.w.org\/{rel}","templated":true}]}}