{"id":8455,"date":"2018-07-10T09:30:30","date_gmt":"2018-07-10T12:30:30","guid":{"rendered":"http:\/\/silvafreire.com.br\/site\/?p=8455"},"modified":"2018-07-10T09:30:30","modified_gmt":"2018-07-10T12:30:30","slug":"juiz-decide-que-iptu-so-pode-ser-cobrado-apos-emissao-do-habite-se","status":"publish","type":"post","link":"https:\/\/silvafreire.com.br\/site\/juiz-decide-que-iptu-so-pode-ser-cobrado-apos-emissao-do-habite-se\/","title":{"rendered":"Juiz decide que IPTU s\u00f3 pode ser cobrado ap\u00f3s emiss\u00e3o do Habite-se"},"content":{"rendered":"<p>\t\t\t\tA cobran\u00e7a de IPTU sobre a \u00e1rea constru\u00edda s\u00f3 pode ser exigida a partir da emiss\u00e3o do Habite-se. Foi o que entendeu o juiz Kenichi Koyama, da 11\u00aa Vara da Fazenda P\u00fablica de S\u00e3o Paulo, ao acolher recurso de uma incorporadora contra a capital paulista.<\/p>\n<p>A prefeitura passou a cobrar das empresas o IPTU desde a DTCO (Declara\u00e7\u00e3o de Conclus\u00e3o da Obra). Este \u00e9 um est\u00e1gio anterior \u00e0 concess\u00e3o do Habite-se, certificado que permite que os im\u00f3veis possam ser utilizados. Para o juiz, a propriedade e a posse com a DTCO \u00e9 meramente formal, por isso a cobran\u00e7a \u00e9 indevida.<\/p>\n<p>Segundo Koyama, o tributo sobre a \u00e1rea constru\u00edda pode ser cobrado, \u201cincluindo-se eventuais lan\u00e7amentos complementares, a partir do &#8216;habite-se&#8217;, pelo per\u00edodo proporcional restante do ano, porque o aspecto temporal do tributo \u00e9 anual. Significa dizer que ele se constitui no per\u00edodo de ano, com base em 1\u00ba de janeiro. Entretanto, apesar de anual, admite complementa\u00e7\u00e3o, sendo que tal n\u00e3o se confunde com viola\u00e7\u00e3o do per\u00edodo-base\u201d.<\/p>\n<p><strong>Fonte: <\/strong><a href=\"https:\/\/www.conjur.com.br\/\"><strong>conjur.com.br<\/strong><\/a>\t\t<\/p>\n","protected":false},"excerpt":{"rendered":"<p>A cobran\u00e7a de IPTU sobre a \u00e1rea constru\u00edda s\u00f3 pode ser exigida a partir da emiss\u00e3o do Habite-se. Foi o que entendeu o juiz Kenichi Koyama, da 11\u00aa Vara da Fazenda P\u00fablica de S\u00e3o Paulo, ao acolher recurso de uma incorporadora contra a capital paulista. A prefeitura passou a cobrar das empresas o IPTU desde [&hellip;]<\/p>\n","protected":false},"author":2,"featured_media":0,"comment_status":"open","ping_status":"open","sticky":false,"template":"","format":"standard","meta":{"footnotes":""},"categories":[18],"tags":[567,1823,1824,1825,779,1826],"class_list":["post-8455","post","type-post","status-publish","format-standard","hentry","category-noticias","tag-cobranca","tag-declaracao-de-conclusao-de-obra","tag-dtco","tag-habite-se","tag-imposto","tag-iptu"],"_links":{"self":[{"href":"https:\/\/silvafreire.com.br\/site\/wp-json\/wp\/v2\/posts\/8455","targetHints":{"allow":["GET"]}}],"collection":[{"href":"https:\/\/silvafreire.com.br\/site\/wp-json\/wp\/v2\/posts"}],"about":[{"href":"https:\/\/silvafreire.com.br\/site\/wp-json\/wp\/v2\/types\/post"}],"author":[{"embeddable":true,"href":"https:\/\/silvafreire.com.br\/site\/wp-json\/wp\/v2\/users\/2"}],"replies":[{"embeddable":true,"href":"https:\/\/silvafreire.com.br\/site\/wp-json\/wp\/v2\/comments?post=8455"}],"version-history":[{"count":0,"href":"https:\/\/silvafreire.com.br\/site\/wp-json\/wp\/v2\/posts\/8455\/revisions"}],"wp:attachment":[{"href":"https:\/\/silvafreire.com.br\/site\/wp-json\/wp\/v2\/media?parent=8455"}],"wp:term":[{"taxonomy":"category","embeddable":true,"href":"https:\/\/silvafreire.com.br\/site\/wp-json\/wp\/v2\/categories?post=8455"},{"taxonomy":"post_tag","embeddable":true,"href":"https:\/\/silvafreire.com.br\/site\/wp-json\/wp\/v2\/tags?post=8455"}],"curies":[{"name":"wp","href":"https:\/\/api.w.org\/{rel}","templated":true}]}}