{"id":8462,"date":"2018-07-10T09:41:57","date_gmt":"2018-07-10T12:41:57","guid":{"rendered":"http:\/\/silvafreire.com.br\/site\/?p=8462"},"modified":"2018-07-10T09:41:57","modified_gmt":"2018-07-10T12:41:57","slug":"caixa-contrata-escritorio-de-advocacia-e-tera-que-empossar-advogados-de-cadastro-de-reserva","status":"publish","type":"post","link":"https:\/\/silvafreire.com.br\/site\/caixa-contrata-escritorio-de-advocacia-e-tera-que-empossar-advogados-de-cadastro-de-reserva\/","title":{"rendered":"Caixa contrata escrit\u00f3rio de advocacia e ter\u00e1 que empossar advogados de cadastro de reserva"},"content":{"rendered":"<p>\t\t\t\t\u00c9 ilegal e fere a jurisprud\u00eancia de cortes superiores terceirizar a atividade advocat\u00edcia se ainda est\u00e1 vigente prazo de concurso p\u00fablico para contrata\u00e7\u00e3o de profissionais da \u00e1rea, mesmo que em edital de cadastro reserva. Com esse entendimento, a 7\u00aa Turma do Tribunal Superior do Trabalho reconheceu o direito \u00e0 nomea\u00e7\u00e3o de quatro advogados aprovados em concurso para o cargo de advogado j\u00fanior da Caixa Econ\u00f4mica Federal.<\/p>\n<p>Os advogados ingressaram com a\u00e7\u00e3o trabalhista, afirmando que a empresa estava repassando servi\u00e7os de advocacia a escrit\u00f3rios ao inv\u00e9s de contratar os candidatos aprovados.<\/p>\n<p>O relator no TST, ministro Cl\u00e1udio Brand\u00e3o, entendeu que a mera expectativa de direito gerada com a aprova\u00e7\u00e3o para o cadastro de reserva se transformou em direito subjetivo, diante da ilegalidade das contrata\u00e7\u00f5es.<\/p>\n<p>Para Brand\u00e3o, a decis\u00e3o do tribunal regional contraria a jurisprud\u00eancia do Supremo Tribunal Federal, do Superior Tribunal de Justi\u00e7a e do pr\u00f3prio TST, que garante o direito l\u00edquido e certo \u00e0 nomea\u00e7\u00e3o para os candidatos aprovados em concurso p\u00fablico cujas vagas foram ocupadas de forma prec\u00e1ria por terceirizados.<\/p>\n<p><strong>Fonte: <\/strong><a href=\"https:\/\/www.conjur.com.br\/\"><strong>conjur.com.br<\/strong><\/a>\t\t<\/p>\n","protected":false},"excerpt":{"rendered":"<p>\u00c9 ilegal e fere a jurisprud\u00eancia de cortes superiores terceirizar a atividade advocat\u00edcia se ainda est\u00e1 vigente prazo de concurso p\u00fablico para contrata\u00e7\u00e3o de profissionais da \u00e1rea, mesmo que em edital de cadastro reserva. Com esse entendimento, a 7\u00aa Turma do Tribunal Superior do Trabalho reconheceu o direito \u00e0 nomea\u00e7\u00e3o de quatro advogados aprovados em [&hellip;]<\/p>\n","protected":false},"author":2,"featured_media":0,"comment_status":"open","ping_status":"open","sticky":false,"template":"","format":"standard","meta":{"footnotes":""},"categories":[18],"tags":[160,99,225,90,1005,97,85],"class_list":["post-8462","post","type-post","status-publish","format-standard","hentry","category-noticias","tag-advogados","tag-caixa","tag-concurso","tag-stf","tag-supremo-tribunal-federal","tag-tribunal-superior-do-trabalho","tag-tst"],"_links":{"self":[{"href":"https:\/\/silvafreire.com.br\/site\/wp-json\/wp\/v2\/posts\/8462","targetHints":{"allow":["GET"]}}],"collection":[{"href":"https:\/\/silvafreire.com.br\/site\/wp-json\/wp\/v2\/posts"}],"about":[{"href":"https:\/\/silvafreire.com.br\/site\/wp-json\/wp\/v2\/types\/post"}],"author":[{"embeddable":true,"href":"https:\/\/silvafreire.com.br\/site\/wp-json\/wp\/v2\/users\/2"}],"replies":[{"embeddable":true,"href":"https:\/\/silvafreire.com.br\/site\/wp-json\/wp\/v2\/comments?post=8462"}],"version-history":[{"count":0,"href":"https:\/\/silvafreire.com.br\/site\/wp-json\/wp\/v2\/posts\/8462\/revisions"}],"wp:attachment":[{"href":"https:\/\/silvafreire.com.br\/site\/wp-json\/wp\/v2\/media?parent=8462"}],"wp:term":[{"taxonomy":"category","embeddable":true,"href":"https:\/\/silvafreire.com.br\/site\/wp-json\/wp\/v2\/categories?post=8462"},{"taxonomy":"post_tag","embeddable":true,"href":"https:\/\/silvafreire.com.br\/site\/wp-json\/wp\/v2\/tags?post=8462"}],"curies":[{"name":"wp","href":"https:\/\/api.w.org\/{rel}","templated":true}]}}