{"id":8537,"date":"2018-08-10T17:33:38","date_gmt":"2018-08-10T20:33:38","guid":{"rendered":"http:\/\/silvafreire.com.br\/site\/?p=8537"},"modified":"2018-08-10T17:33:38","modified_gmt":"2018-08-10T20:33:38","slug":"saiba-mais-sobre-a-responsabilidade-juridica-do-socio-retirante","status":"publish","type":"post","link":"https:\/\/silvafreire.com.br\/site\/saiba-mais-sobre-a-responsabilidade-juridica-do-socio-retirante\/","title":{"rendered":"Saiba mais sobre a responsabilidade jur\u00eddica do s\u00f3cio retirante"},"content":{"rendered":"<p>\t\t\t\tTrata-se de uma situa\u00e7\u00e3o de alta import\u00e2ncia a responsabilidade do s\u00f3cio que se desliga da sociedade da qual participava. Por\u00e9m, nem sempre os empres\u00e1rios se atentam para os riscos envolvidos, caso a cess\u00e3o das cotas n\u00e3o seja feita corretamente.<\/p>\n<p>Afora as situa\u00e7\u00f5es especiais, o par\u00e1grafo \u00fanico, do artigo 1.003, do C\u00f3digo Civil, determina que a responsabilidade do s\u00f3cio retirante permanece por dois anos, depois de averbada a modifica\u00e7\u00e3o do contrato, respondendo o cedente, solidariamente com o cession\u00e1rio, perante a sociedade e terceiros, pelas obriga\u00e7\u00f5es que tinha como s\u00f3cio.<\/p>\n<p>Fica evidente a import\u00e2ncia de se efetivar, tanto na sociedade simples quanto na limitada, a averba\u00e7\u00e3o da sa\u00edda do s\u00f3cio, em caso de cess\u00e3o de suas cotas sociais.<\/p>\n<p>O risco para o s\u00f3cio que n\u00e3o observa o procedimento correto para efetivar seu desligamento da empresa pode lhe acarretar v\u00e1rios preju\u00edzos, que poderiam ser evitados se a averba\u00e7\u00e3o tivesse ocorrido no momento adequado.<\/p>\n<p>De acordo com o C\u00f3digo Civil, a responsabilidade do s\u00f3cio retirante de dois anos depois s\u00f3 come\u00e7a a contar depois da efetiva modifica\u00e7\u00e3o do contrato social e ap\u00f3s averba\u00e7\u00e3o a altera\u00e7\u00e3o de cess\u00e3o de quotas na Junta Comercial.<\/p>\n<p><strong>Fonte: <\/strong><a href=\"https:\/\/sitecontabil.com.br\/\"><strong>sitecontabil.com.br<\/strong><\/a><\/p>\n<p><img decoding=\"async\" class=\"aligncenter wp-image-7885\" src=\"http:\/\/silvafreire.com.br\/site\/wp-content\/uploads\/2017\/10\/Postlink_silva_freire.png\" alt=\"Not\u00edcia para acabar o dia bem informado\" width=\"1\" height=\"1\" \/>\t\t<\/p>\n","protected":false},"excerpt":{"rendered":"<p>Trata-se de uma situa\u00e7\u00e3o de alta import\u00e2ncia a responsabilidade do s\u00f3cio que se desliga da sociedade da qual participava. Por\u00e9m, nem sempre os empres\u00e1rios se atentam para os riscos envolvidos, caso a cess\u00e3o das cotas n\u00e3o seja feita corretamente. Afora as situa\u00e7\u00f5es especiais, o par\u00e1grafo \u00fanico, do artigo 1.003, do C\u00f3digo Civil, determina que a [&hellip;]<\/p>\n","protected":false},"author":2,"featured_media":0,"comment_status":"open","ping_status":"open","sticky":false,"template":"","format":"standard","meta":{"footnotes":""},"categories":[18],"tags":[25,1889,1890,545],"class_list":["post-8537","post","type-post","status-publish","format-standard","hentry","category-noticias","tag-codigo-civil","tag-junta-comercial","tag-responsabilidade-juridica","tag-socio-retirante"],"_links":{"self":[{"href":"https:\/\/silvafreire.com.br\/site\/wp-json\/wp\/v2\/posts\/8537","targetHints":{"allow":["GET"]}}],"collection":[{"href":"https:\/\/silvafreire.com.br\/site\/wp-json\/wp\/v2\/posts"}],"about":[{"href":"https:\/\/silvafreire.com.br\/site\/wp-json\/wp\/v2\/types\/post"}],"author":[{"embeddable":true,"href":"https:\/\/silvafreire.com.br\/site\/wp-json\/wp\/v2\/users\/2"}],"replies":[{"embeddable":true,"href":"https:\/\/silvafreire.com.br\/site\/wp-json\/wp\/v2\/comments?post=8537"}],"version-history":[{"count":0,"href":"https:\/\/silvafreire.com.br\/site\/wp-json\/wp\/v2\/posts\/8537\/revisions"}],"wp:attachment":[{"href":"https:\/\/silvafreire.com.br\/site\/wp-json\/wp\/v2\/media?parent=8537"}],"wp:term":[{"taxonomy":"category","embeddable":true,"href":"https:\/\/silvafreire.com.br\/site\/wp-json\/wp\/v2\/categories?post=8537"},{"taxonomy":"post_tag","embeddable":true,"href":"https:\/\/silvafreire.com.br\/site\/wp-json\/wp\/v2\/tags?post=8537"}],"curies":[{"name":"wp","href":"https:\/\/api.w.org\/{rel}","templated":true}]}}