{"id":8539,"date":"2018-08-10T17:37:02","date_gmt":"2018-08-10T20:37:02","guid":{"rendered":"http:\/\/silvafreire.com.br\/site\/?p=8539"},"modified":"2018-08-10T17:37:02","modified_gmt":"2018-08-10T20:37:02","slug":"camara-dos-deputados-analisa-proposta-que-busca-pela-isencao-do-imposto-de-renda-a-professores","status":"publish","type":"post","link":"https:\/\/silvafreire.com.br\/site\/camara-dos-deputados-analisa-proposta-que-busca-pela-isencao-do-imposto-de-renda-a-professores\/","title":{"rendered":"C\u00e2mara dos Deputados analisa proposta que busca pela isen\u00e7\u00e3o do Imposto de Renda a professores"},"content":{"rendered":"<p>\t\t\t\tProposta em an\u00e1lise na C\u00e2mara dos Deputados modifica a Constitui\u00e7\u00e3o Federal para conceder isen\u00e7\u00e3o do Imposto de Renda de Pessoa F\u00edsica (IRPF) a professores das redes p\u00fablica e privada de ensino.<\/p>\n<p>A altera\u00e7\u00e3o consta da Proposta de Emenda \u00e0 Constitui\u00e7\u00e3o (PEC) 404\/18, do deputado licenciado Mois\u00e9s Diniz (PCdoB-AC). O texto cria uma exce\u00e7\u00e3o no artigo constitucional que pro\u00edbe Uni\u00e3o, estados, Distrito Federal e munic\u00edpios de conferir tratamento desigual a contribuintes que se encontrem em situa\u00e7\u00e3o semelhante.<\/p>\n<p>A PEC ser\u00e1 analisada pela Comiss\u00e3o de Constitui\u00e7\u00e3o e Justi\u00e7a e de Cidadania (CCJ) quanto \u00e0 admissibilidade. Se aprovada, ser\u00e1 examinada por comiss\u00e3o especial e votada pelo Plen\u00e1rio em dois turnos.<\/p>\n<p><strong>Fonte: <\/strong><a href=\"http:\/\/www2.camara.leg.br\/\"><strong>camara.leg.br<\/strong><\/a>\t\t<\/p>\n","protected":false},"excerpt":{"rendered":"<p>Proposta em an\u00e1lise na C\u00e2mara dos Deputados modifica a Constitui\u00e7\u00e3o Federal para conceder isen\u00e7\u00e3o do Imposto de Renda de Pessoa F\u00edsica (IRPF) a professores das redes p\u00fablica e privada de ensino. A altera\u00e7\u00e3o consta da Proposta de Emenda \u00e0 Constitui\u00e7\u00e3o (PEC) 404\/18, do deputado licenciado Mois\u00e9s Diniz (PCdoB-AC). O texto cria uma exce\u00e7\u00e3o no artigo [&hellip;]<\/p>\n","protected":false},"author":2,"featured_media":0,"comment_status":"open","ping_status":"open","sticky":false,"template":"","format":"standard","meta":{"footnotes":""},"categories":[18],"tags":[1891,238,1892,1893,950,1417],"class_list":["post-8539","post","type-post","status-publish","format-standard","hentry","category-noticias","tag-ccj","tag-imposto-de-renda","tag-irpf","tag-pec-404","tag-pessoa-fisica","tag-professores"],"_links":{"self":[{"href":"https:\/\/silvafreire.com.br\/site\/wp-json\/wp\/v2\/posts\/8539","targetHints":{"allow":["GET"]}}],"collection":[{"href":"https:\/\/silvafreire.com.br\/site\/wp-json\/wp\/v2\/posts"}],"about":[{"href":"https:\/\/silvafreire.com.br\/site\/wp-json\/wp\/v2\/types\/post"}],"author":[{"embeddable":true,"href":"https:\/\/silvafreire.com.br\/site\/wp-json\/wp\/v2\/users\/2"}],"replies":[{"embeddable":true,"href":"https:\/\/silvafreire.com.br\/site\/wp-json\/wp\/v2\/comments?post=8539"}],"version-history":[{"count":0,"href":"https:\/\/silvafreire.com.br\/site\/wp-json\/wp\/v2\/posts\/8539\/revisions"}],"wp:attachment":[{"href":"https:\/\/silvafreire.com.br\/site\/wp-json\/wp\/v2\/media?parent=8539"}],"wp:term":[{"taxonomy":"category","embeddable":true,"href":"https:\/\/silvafreire.com.br\/site\/wp-json\/wp\/v2\/categories?post=8539"},{"taxonomy":"post_tag","embeddable":true,"href":"https:\/\/silvafreire.com.br\/site\/wp-json\/wp\/v2\/tags?post=8539"}],"curies":[{"name":"wp","href":"https:\/\/api.w.org\/{rel}","templated":true}]}}