{"id":8541,"date":"2018-08-10T17:39:30","date_gmt":"2018-08-10T20:39:30","guid":{"rendered":"http:\/\/silvafreire.com.br\/site\/?p=8541"},"modified":"2018-08-10T17:39:30","modified_gmt":"2018-08-10T20:39:30","slug":"erro-na-prestacao-de-informacoes-ao-esocial-por-empresas-e-detectado-por-dataprev","status":"publish","type":"post","link":"https:\/\/silvafreire.com.br\/site\/erro-na-prestacao-de-informacoes-ao-esocial-por-empresas-e-detectado-por-dataprev\/","title":{"rendered":"Erro na presta\u00e7\u00e3o de informa\u00e7\u00f5es ao eSocial por empresas \u00e9 detectado por Dataprev"},"content":{"rendered":"<p>\t\t\t\tMais de 11.700 empregados celetistas cadastrados por cerca de 700 empresas foram equivocadamente informados como se pertencentes ao Regime Pr\u00f3prio de Previd\u00eancia Social, o regime previdenci\u00e1rio dos servidores p\u00fablicos. O erro foi detectado pela Dataprev, ao verificar sua base de dados.<\/p>\n<p>O Comit\u00ea Gestor do eSocial adverte que as pr\u00f3prias empresas dever\u00e3o corrigir o erro, j\u00e1 que os dados n\u00e3o s\u00e3o alterados automaticamente pelo sistema. Para isso, dever\u00e3o fazer a retifica\u00e7\u00e3o dos eventos transmitidos.<\/p>\n<p>As empresas tamb\u00e9m precisam se certificar que os softwares n\u00e3o permane\u00e7am configurados erroneamente de forma a evitar erros futuros.<\/p>\n<p><strong>Fonte: <\/strong><a href=\"http:\/\/portal.esocial.gov.br\/\"><strong>porta.esocial.gov.br<\/strong><\/a>\t\t<\/p>\n","protected":false},"excerpt":{"rendered":"<p>Mais de 11.700 empregados celetistas cadastrados por cerca de 700 empresas foram equivocadamente informados como se pertencentes ao Regime Pr\u00f3prio de Previd\u00eancia Social, o regime previdenci\u00e1rio dos servidores p\u00fablicos. O erro foi detectado pela Dataprev, ao verificar sua base de dados. O Comit\u00ea Gestor do eSocial adverte que as pr\u00f3prias empresas dever\u00e3o corrigir o erro, [&hellip;]<\/p>\n","protected":false},"author":2,"featured_media":0,"comment_status":"open","ping_status":"open","sticky":false,"template":"","format":"standard","meta":{"footnotes":""},"categories":[18],"tags":[1894,1895,1698,1867,1896,1897],"class_list":["post-8541","post","type-post","status-publish","format-standard","hentry","category-noticias","tag-comite-gestor","tag-dataprev","tag-esocial","tag-previdencia-social","tag-regime-proprio","tag-servidor-publico"],"_links":{"self":[{"href":"https:\/\/silvafreire.com.br\/site\/wp-json\/wp\/v2\/posts\/8541","targetHints":{"allow":["GET"]}}],"collection":[{"href":"https:\/\/silvafreire.com.br\/site\/wp-json\/wp\/v2\/posts"}],"about":[{"href":"https:\/\/silvafreire.com.br\/site\/wp-json\/wp\/v2\/types\/post"}],"author":[{"embeddable":true,"href":"https:\/\/silvafreire.com.br\/site\/wp-json\/wp\/v2\/users\/2"}],"replies":[{"embeddable":true,"href":"https:\/\/silvafreire.com.br\/site\/wp-json\/wp\/v2\/comments?post=8541"}],"version-history":[{"count":0,"href":"https:\/\/silvafreire.com.br\/site\/wp-json\/wp\/v2\/posts\/8541\/revisions"}],"wp:attachment":[{"href":"https:\/\/silvafreire.com.br\/site\/wp-json\/wp\/v2\/media?parent=8541"}],"wp:term":[{"taxonomy":"category","embeddable":true,"href":"https:\/\/silvafreire.com.br\/site\/wp-json\/wp\/v2\/categories?post=8541"},{"taxonomy":"post_tag","embeddable":true,"href":"https:\/\/silvafreire.com.br\/site\/wp-json\/wp\/v2\/tags?post=8541"}],"curies":[{"name":"wp","href":"https:\/\/api.w.org\/{rel}","templated":true}]}}