{"id":8543,"date":"2018-08-10T17:42:08","date_gmt":"2018-08-10T20:42:08","guid":{"rendered":"http:\/\/silvafreire.com.br\/site\/?p=8543"},"modified":"2018-08-10T17:42:08","modified_gmt":"2018-08-10T20:42:08","slug":"com-recuperacao-setor-industrial-tem-melhor-desempenho-da-serie-historica-em-junho","status":"publish","type":"post","link":"https:\/\/silvafreire.com.br\/site\/com-recuperacao-setor-industrial-tem-melhor-desempenho-da-serie-historica-em-junho\/","title":{"rendered":"Com recupera\u00e7\u00e3o, setor industrial tem melhor desempenho da s\u00e9rie hist\u00f3rica em junho"},"content":{"rendered":"<p>\t\t\t\tA produ\u00e7\u00e3o industrial brasileira registrou alta de 13,1% em junho na compara\u00e7\u00e3o com o m\u00eas anterior, o melhor resultado da s\u00e9rie hist\u00f3rica iniciada em 2002, informou o IBGE. Na compara\u00e7\u00e3o com o mesmo m\u00eas do ano anterior, a produ\u00e7\u00e3o subiu 3,5%.<\/p>\n<p>O IBGE tamb\u00e9m revisou levemente para 11%, ante 10,9%, a queda da produ\u00e7\u00e3o industrial de maio, quando um protesto de caminhoneiros levou desabastecimento a empresas e resid\u00eancias de todo o pa\u00eds, al\u00e9m de perdas para a agricultura, levando governo e economistas a reverem para baixo suas proje\u00e7\u00f5es de crescimento do PIB neste ano.<\/p>\n<p>Os resultados, por\u00e9m, n\u00e3o indicam uma nova tend\u00eancia para o desempenho do setor de manufatura no Brasil, segundo o economista Andr\u00e9 Macedo.<\/p>\n<p>\u201cO ambiente de incerteza econ\u00f4mica e pol\u00edtica freia o \u00edmpeto de investir e de consumir no Brasil e isso n\u00e3o pode ser desconsiderado\u201d, assinalou o economista.<\/p>\n<p><strong>Fonte: <\/strong><a href=\"https:\/\/exame.abril.com.br\/\"><strong>exame.abril.com.br<\/strong><\/a><\/p>\n<p><img decoding=\"async\" class=\"aligncenter wp-image-8383\" src=\"http:\/\/silvafreire.com.br\/site\/wp-content\/uploads\/2018\/05\/comecar.png\" alt=\"\" width=\"1\" height=\"1\" \/>\t\t<\/p>\n","protected":false},"excerpt":{"rendered":"<p>A produ\u00e7\u00e3o industrial brasileira registrou alta de 13,1% em junho na compara\u00e7\u00e3o com o m\u00eas anterior, o melhor resultado da s\u00e9rie hist\u00f3rica iniciada em 2002, informou o IBGE. Na compara\u00e7\u00e3o com o mesmo m\u00eas do ano anterior, a produ\u00e7\u00e3o subiu 3,5%. O IBGE tamb\u00e9m revisou levemente para 11%, ante 10,9%, a queda da produ\u00e7\u00e3o industrial [&hellip;]<\/p>\n","protected":false},"author":2,"featured_media":0,"comment_status":"open","ping_status":"open","sticky":false,"template":"","format":"standard","meta":{"footnotes":""},"categories":[18],"tags":[224,1898,1887,284,1899],"class_list":["post-8543","post","type-post","status-publish","format-standard","hentry","category-noticias","tag-economia","tag-ibge","tag-pib","tag-recuperacao","tag-setor-industrial"],"_links":{"self":[{"href":"https:\/\/silvafreire.com.br\/site\/wp-json\/wp\/v2\/posts\/8543","targetHints":{"allow":["GET"]}}],"collection":[{"href":"https:\/\/silvafreire.com.br\/site\/wp-json\/wp\/v2\/posts"}],"about":[{"href":"https:\/\/silvafreire.com.br\/site\/wp-json\/wp\/v2\/types\/post"}],"author":[{"embeddable":true,"href":"https:\/\/silvafreire.com.br\/site\/wp-json\/wp\/v2\/users\/2"}],"replies":[{"embeddable":true,"href":"https:\/\/silvafreire.com.br\/site\/wp-json\/wp\/v2\/comments?post=8543"}],"version-history":[{"count":0,"href":"https:\/\/silvafreire.com.br\/site\/wp-json\/wp\/v2\/posts\/8543\/revisions"}],"wp:attachment":[{"href":"https:\/\/silvafreire.com.br\/site\/wp-json\/wp\/v2\/media?parent=8543"}],"wp:term":[{"taxonomy":"category","embeddable":true,"href":"https:\/\/silvafreire.com.br\/site\/wp-json\/wp\/v2\/categories?post=8543"},{"taxonomy":"post_tag","embeddable":true,"href":"https:\/\/silvafreire.com.br\/site\/wp-json\/wp\/v2\/tags?post=8543"}],"curies":[{"name":"wp","href":"https:\/\/api.w.org\/{rel}","templated":true}]}}