{"id":8613,"date":"2018-09-12T14:45:56","date_gmt":"2018-09-12T17:45:56","guid":{"rendered":"http:\/\/silvafreire.com.br\/site\/?p=8613"},"modified":"2018-09-12T14:45:56","modified_gmt":"2018-09-12T17:45:56","slug":"e-possivel-o-reconhecimento-da-usucapiao-de-bem-imovel-com-a-implementacao-do-requisito-temporal-no-curso-da-demanda","status":"publish","type":"post","link":"https:\/\/silvafreire.com.br\/site\/e-possivel-o-reconhecimento-da-usucapiao-de-bem-imovel-com-a-implementacao-do-requisito-temporal-no-curso-da-demanda\/","title":{"rendered":"\u00c9 poss\u00edvel o reconhecimento da usucapi\u00e3o de bem im\u00f3vel com a implementa\u00e7\u00e3o do requisito temporal no curso da demanda"},"content":{"rendered":"<p>\t\t\t\tO Superior Tribunal de Justi\u00e7a entendeu que cabe ao magistrado examinar o requisito temporal da usucapi\u00e3o ao proferir a senten\u00e7a, permitindo que o prazo seja completado no curso do processo judicial.<\/p>\n<p>Essa linha de racioc\u00ednio tamb\u00e9m \u00e9 confirmada pelo Enunciado n. 497 da V Jornada de Direito Civil (STJ\/CJF), segundo o qual &#8220;o prazo, na a\u00e7\u00e3o de usucapi\u00e3o pode ser completado no curso do processo, ressalvadas as hip\u00f3teses de m\u00e1-f\u00e9 processual do autor&#8221;.<\/p>\n<p>Evita-se, com isso, que o autor proponha nova a\u00e7\u00e3o para obter o direito que j\u00e1 poderia ter sido reconhecido se o Poder Judici\u00e1rio apreciasse eventual fato constitutivo superveniente, cuja medida se encontra em harmonia com os princ\u00edpios da economia processual e da razo\u00e1vel dura\u00e7\u00e3o do processo.<\/p>\n<p>Consignou a Corte Superior que a contesta\u00e7\u00e3o apresentada pelo r\u00e9u n\u00e3o impede o transcurso do lapso temporal, ou seja, a mencionada pe\u00e7a defensiva n\u00e3o tem a capacidade de exprimir a resist\u00eancia do demandado \u00e0 posse exercida pelo autor, mas apenas a sua discord\u00e2ncia com a aquisi\u00e7\u00e3o do im\u00f3vel pela usucapi\u00e3o. Contestar, no caso, imp\u00f5e mera oposi\u00e7\u00e3o \u00e0 usucapi\u00e3o postulada pelos autores, e n\u00e3o \u00e0 posse.\t\t<\/p>\n","protected":false},"excerpt":{"rendered":"<p>O Superior Tribunal de Justi\u00e7a entendeu que cabe ao magistrado examinar o requisito temporal da usucapi\u00e3o ao proferir a senten\u00e7a, permitindo que o prazo seja completado no curso do processo judicial. Essa linha de racioc\u00ednio tamb\u00e9m \u00e9 confirmada pelo Enunciado n. 497 da V Jornada de Direito Civil (STJ\/CJF), segundo o qual &#8220;o prazo, na [&hellip;]<\/p>\n","protected":false},"author":2,"featured_media":0,"comment_status":"open","ping_status":"open","sticky":false,"template":"","format":"standard","meta":{"footnotes":""},"categories":[18],"tags":[1957,83,633],"class_list":["post-8613","post","type-post","status-publish","format-standard","hentry","category-noticias","tag-cjf","tag-stj","tag-usucapiao"],"_links":{"self":[{"href":"https:\/\/silvafreire.com.br\/site\/wp-json\/wp\/v2\/posts\/8613","targetHints":{"allow":["GET"]}}],"collection":[{"href":"https:\/\/silvafreire.com.br\/site\/wp-json\/wp\/v2\/posts"}],"about":[{"href":"https:\/\/silvafreire.com.br\/site\/wp-json\/wp\/v2\/types\/post"}],"author":[{"embeddable":true,"href":"https:\/\/silvafreire.com.br\/site\/wp-json\/wp\/v2\/users\/2"}],"replies":[{"embeddable":true,"href":"https:\/\/silvafreire.com.br\/site\/wp-json\/wp\/v2\/comments?post=8613"}],"version-history":[{"count":0,"href":"https:\/\/silvafreire.com.br\/site\/wp-json\/wp\/v2\/posts\/8613\/revisions"}],"wp:attachment":[{"href":"https:\/\/silvafreire.com.br\/site\/wp-json\/wp\/v2\/media?parent=8613"}],"wp:term":[{"taxonomy":"category","embeddable":true,"href":"https:\/\/silvafreire.com.br\/site\/wp-json\/wp\/v2\/categories?post=8613"},{"taxonomy":"post_tag","embeddable":true,"href":"https:\/\/silvafreire.com.br\/site\/wp-json\/wp\/v2\/tags?post=8613"}],"curies":[{"name":"wp","href":"https:\/\/api.w.org\/{rel}","templated":true}]}}