{"id":8615,"date":"2018-09-12T14:58:17","date_gmt":"2018-09-12T17:58:17","guid":{"rendered":"http:\/\/silvafreire.com.br\/site\/?p=8615"},"modified":"2018-09-12T14:58:17","modified_gmt":"2018-09-12T17:58:17","slug":"sobre-a-interferencia-da-superveniencia-da-maioridade-penal-na-apuracao-de-ato-infracional","status":"publish","type":"post","link":"https:\/\/silvafreire.com.br\/site\/sobre-a-interferencia-da-superveniencia-da-maioridade-penal-na-apuracao-de-ato-infracional\/","title":{"rendered":"Sobre a interfer\u00eancia da superveni\u00eancia da maioridade penal na apura\u00e7\u00e3o de ato infracional"},"content":{"rendered":"<p>\t\t\t\tO Superior Tribunal de Justi\u00e7a, em sede de Recurso Repetitivo, considerou que, nos termos da interpreta\u00e7\u00e3o do art. 121, \u00a7 5\u00ba, da Lei n. 8.069\/1990, para sujeitar o adolescente \u00e0s medidas socioeducativas deve ser considerada a inimputabilidade penal \u00e0 data do fato.<\/p>\n<p>Diante disso, esta Corte assentou o entendimento segundo o qual a superveni\u00eancia de maioridade relativa (per\u00edodo entre 18 e 21 anos) n\u00e3o tem o cond\u00e3o de extinguir a medida socioeducativa, a qual ocorrer\u00e1 apenas com a libera\u00e7\u00e3o compuls\u00f3ria do menor, aos 21 anos de idade.\t\t<\/p>\n","protected":false},"excerpt":{"rendered":"<p>O Superior Tribunal de Justi\u00e7a, em sede de Recurso Repetitivo, considerou que, nos termos da interpreta\u00e7\u00e3o do art. 121, \u00a7 5\u00ba, da Lei n. 8.069\/1990, para sujeitar o adolescente \u00e0s medidas socioeducativas deve ser considerada a inimputabilidade penal \u00e0 data do fato. Diante disso, esta Corte assentou o entendimento segundo o qual a superveni\u00eancia de [&hellip;]<\/p>\n","protected":false},"author":2,"featured_media":0,"comment_status":"open","ping_status":"open","sticky":false,"template":"","format":"standard","meta":{"footnotes":""},"categories":[18],"tags":[1958,83],"class_list":["post-8615","post","type-post","status-publish","format-standard","hentry","category-noticias","tag-maioridade-penal","tag-stj"],"_links":{"self":[{"href":"https:\/\/silvafreire.com.br\/site\/wp-json\/wp\/v2\/posts\/8615","targetHints":{"allow":["GET"]}}],"collection":[{"href":"https:\/\/silvafreire.com.br\/site\/wp-json\/wp\/v2\/posts"}],"about":[{"href":"https:\/\/silvafreire.com.br\/site\/wp-json\/wp\/v2\/types\/post"}],"author":[{"embeddable":true,"href":"https:\/\/silvafreire.com.br\/site\/wp-json\/wp\/v2\/users\/2"}],"replies":[{"embeddable":true,"href":"https:\/\/silvafreire.com.br\/site\/wp-json\/wp\/v2\/comments?post=8615"}],"version-history":[{"count":0,"href":"https:\/\/silvafreire.com.br\/site\/wp-json\/wp\/v2\/posts\/8615\/revisions"}],"wp:attachment":[{"href":"https:\/\/silvafreire.com.br\/site\/wp-json\/wp\/v2\/media?parent=8615"}],"wp:term":[{"taxonomy":"category","embeddable":true,"href":"https:\/\/silvafreire.com.br\/site\/wp-json\/wp\/v2\/categories?post=8615"},{"taxonomy":"post_tag","embeddable":true,"href":"https:\/\/silvafreire.com.br\/site\/wp-json\/wp\/v2\/tags?post=8615"}],"curies":[{"name":"wp","href":"https:\/\/api.w.org\/{rel}","templated":true}]}}