{"id":8618,"date":"2018-09-12T15:05:47","date_gmt":"2018-09-12T18:05:47","guid":{"rendered":"http:\/\/silvafreire.com.br\/site\/?p=8618"},"modified":"2018-09-12T15:05:47","modified_gmt":"2018-09-12T18:05:47","slug":"com-acordos-assinados-cct-e-aumento-real-para-bancarios-sao-garantidos-por-dois-anos","status":"publish","type":"post","link":"https:\/\/silvafreire.com.br\/site\/com-acordos-assinados-cct-e-aumento-real-para-bancarios-sao-garantidos-por-dois-anos\/","title":{"rendered":"Com acordos assinados, CCT e aumento real para banc\u00e1rios s\u00e3o garantidos por dois anos"},"content":{"rendered":"<p>\t\t\t\tReposi\u00e7\u00e3o total da infla\u00e7\u00e3o e aumento real garantidos, assim como todos os direitos previstos pela Conven\u00e7\u00e3o Coletiva de Trabalho para os pr\u00f3ximos dois anos. Os sindicatos representantes de banc\u00e1rios de institui\u00e7\u00f5es p\u00fablicas e privadas assinaram, com a Federa\u00e7\u00e3o Nacional dos Bancos (Fenaban), a Conven\u00e7\u00e3o Coletiva de Trabalho (CCT) 2018\/2020 e os acordos aditivos do Banco do Brasil e da CAIXA, v\u00e1lidos pelo mesmo per\u00edodo.<\/p>\n<p>Na cerim\u00f4nia, a presidenta da Confedera\u00e7\u00e3o Nacional dos Trabalhadores do Ramo Financeiro (Contraf-CUT), Juvandia Moreira, destacou a import\u00e2ncia da unidade entre os banc\u00e1rios de todo o Brasil na Campanha Nacional 2018, destacou a manuten\u00e7\u00e3o de todos direitos e o fortalecimento da organiza\u00e7\u00e3o dos banc\u00e1rios como outro grande resultado.<\/p>\n<p>A dirigente ainda lembrou que \u201cmantivemos nossa unidade, que tamb\u00e9m \u00e9 um patrim\u00f4nio constru\u00eddo. Constru\u00edmos um acordo com aumento real que era o que os banc\u00e1rios queriam. Por isso, aprovaram em assembleias lotadas por todo o Brasil. Renovar mais um acordo com todos os direitos e aumento real por dois anos ajuda as demais categorias porque vira refer\u00eancia\u201d.<\/p>\n<p>Os ganhos dos banc\u00e1rios na Campanha Nacional 2018 ter\u00e3o forte impacto na economia do pa\u00eds. Somente o reajuste de 5% nos sal\u00e1rios representa acr\u00e9scimo anual de cerca de R$ 2,5 bilh\u00f5es na economia.<\/p>\n<p>Em \u00e2mbito nacional, a PLR conquistada injetar\u00e1 por volta de R$ 7,036 bilh\u00f5es no mercado nos pr\u00f3ximos 12 meses. J\u00e1 com a antecipa\u00e7\u00e3o do pagamento, em 20 de setembro, o acr\u00e9scimo ser\u00e1 de cerca de R$ 3,190 bilh\u00f5es.<\/p>\n<p>Essa \u00e9 mais uma mostra da import\u00e2ncia dos trabalhadores terem sal\u00e1rios melhores e mais direitos para a economia nacional: empregos e sal\u00e1rios produzem um mercado interno forte, robusto, capaz de enfrentar as incertezas da crise.<\/p>\n<p><strong>Fonte: <\/strong><a href=\"https:\/\/bancariosbh.org.br\/\"><strong>bancariosbh.org.br<\/strong><\/a><\/p>\n<p><img decoding=\"async\" class=\"aligncenter wp-image-8619\" src=\"http:\/\/silvafreire.com.br\/site\/wp-content\/uploads\/2018\/09\/POST3.jpg\" alt=\"Direitos Para Banc\u00e1rios \" width=\"1\" height=\"1\" \/>\t\t<\/p>\n","protected":false},"excerpt":{"rendered":"<p>Reposi\u00e7\u00e3o total da infla\u00e7\u00e3o e aumento real garantidos, assim como todos os direitos previstos pela Conven\u00e7\u00e3o Coletiva de Trabalho para os pr\u00f3ximos dois anos. Os sindicatos representantes de banc\u00e1rios de institui\u00e7\u00f5es p\u00fablicas e privadas assinaram, com a Federa\u00e7\u00e3o Nacional dos Bancos (Fenaban), a Conven\u00e7\u00e3o Coletiva de Trabalho (CCT) 2018\/2020 e os acordos aditivos do Banco [&hellip;]<\/p>\n","protected":false},"author":2,"featured_media":0,"comment_status":"open","ping_status":"open","sticky":false,"template":"","format":"standard","meta":{"footnotes":""},"categories":[21,18],"tags":[1959,1960,71,99,203,1961,1830,179,272],"class_list":["post-8618","post","type-post","status-publish","format-standard","hentry","category-noticiasbancarios","category-noticias","tag-1959","tag-1960","tag-banco-do-brasil","tag-caixa","tag-cct","tag-contraf-cut","tag-convencao-coletiva-de-trabalho","tag-fenaban","tag-plr"],"_links":{"self":[{"href":"https:\/\/silvafreire.com.br\/site\/wp-json\/wp\/v2\/posts\/8618","targetHints":{"allow":["GET"]}}],"collection":[{"href":"https:\/\/silvafreire.com.br\/site\/wp-json\/wp\/v2\/posts"}],"about":[{"href":"https:\/\/silvafreire.com.br\/site\/wp-json\/wp\/v2\/types\/post"}],"author":[{"embeddable":true,"href":"https:\/\/silvafreire.com.br\/site\/wp-json\/wp\/v2\/users\/2"}],"replies":[{"embeddable":true,"href":"https:\/\/silvafreire.com.br\/site\/wp-json\/wp\/v2\/comments?post=8618"}],"version-history":[{"count":0,"href":"https:\/\/silvafreire.com.br\/site\/wp-json\/wp\/v2\/posts\/8618\/revisions"}],"wp:attachment":[{"href":"https:\/\/silvafreire.com.br\/site\/wp-json\/wp\/v2\/media?parent=8618"}],"wp:term":[{"taxonomy":"category","embeddable":true,"href":"https:\/\/silvafreire.com.br\/site\/wp-json\/wp\/v2\/categories?post=8618"},{"taxonomy":"post_tag","embeddable":true,"href":"https:\/\/silvafreire.com.br\/site\/wp-json\/wp\/v2\/tags?post=8618"}],"curies":[{"name":"wp","href":"https:\/\/api.w.org\/{rel}","templated":true}]}}