{"id":8624,"date":"2018-09-12T15:20:22","date_gmt":"2018-09-12T18:20:22","guid":{"rendered":"http:\/\/silvafreire.com.br\/site\/?p=8624"},"modified":"2018-09-12T15:20:22","modified_gmt":"2018-09-12T18:20:22","slug":"candidato-aprovado-em-concurso-publico-fora-do-numero-de-vagas-tem-direito-subjetivo-a-nomeacao-caso-surjam-novas-vagas-durante-o-prazo-de-validade-do-certame","status":"publish","type":"post","link":"https:\/\/silvafreire.com.br\/site\/candidato-aprovado-em-concurso-publico-fora-do-numero-de-vagas-tem-direito-subjetivo-a-nomeacao-caso-surjam-novas-vagas-durante-o-prazo-de-validade-do-certame\/","title":{"rendered":"Candidato aprovado em concurso p\u00fablico fora do n\u00famero de vagas tem direito subjetivo \u00e0 nomea\u00e7\u00e3o caso surjam novas vagas durante o prazo de validade do certame"},"content":{"rendered":"<p>\t\t\t\tO Supremo Tribunal Federal, por ocasi\u00e3o do julgamento do RE 837.311\/PI, Rel. Min. Luiz Fux, sob a sistem\u00e1tica da repercuss\u00e3o geral, reconheceu que da aprova\u00e7\u00e3o em concurso p\u00fablico decorrer\u00e1 direito subjetivo \u00e0 nomea\u00e7\u00e3o, se estiver demonstrada alguma das seguintes situa\u00e7\u00f5es:<\/p>\n<ol start=\"598\">\n<li>A) Quando a aprova\u00e7\u00e3o ocorrer dentro do n\u00famero de vagas inserido no edital (RE 598.099);<\/li>\n<li>B) Quando houver preteri\u00e7\u00e3o na nomea\u00e7\u00e3o por n\u00e3o observ\u00e2ncia da ordem de classifica\u00e7\u00e3o (S\u00famula 15 do STF); e<\/li>\n<li>C) Quando surgirem novas vagas, ou for aberto novo concurso durante a validade do certame anterior, e ocorrer a preteri\u00e7\u00e3o de candidatos aprovados fora das vagas de forma arbitr\u00e1ria e imotivada por parte da administra\u00e7\u00e3o.<\/li>\n<\/ol>\n<p>O julgado consignou, ao final, outra premissa de direito: se surgirem novas vagas e houver manifesta\u00e7\u00e3o inequ\u00edvoca da administra\u00e7\u00e3o sobre a necessidade de seu provimento e inexistir prova de restri\u00e7\u00e3o or\u00e7ament\u00e1ria ou de qualquer outro obst\u00e1culo de ordem financeira, a ser provado pelo poder p\u00fablico, para tal nomea\u00e7\u00e3o.\t\t<\/p>\n","protected":false},"excerpt":{"rendered":"<p>O Supremo Tribunal Federal, por ocasi\u00e3o do julgamento do RE 837.311\/PI, Rel. Min. Luiz Fux, sob a sistem\u00e1tica da repercuss\u00e3o geral, reconheceu que da aprova\u00e7\u00e3o em concurso p\u00fablico decorrer\u00e1 direito subjetivo \u00e0 nomea\u00e7\u00e3o, se estiver demonstrada alguma das seguintes situa\u00e7\u00f5es: A) Quando a aprova\u00e7\u00e3o ocorrer dentro do n\u00famero de vagas inserido no edital (RE 598.099); [&hellip;]<\/p>\n","protected":false},"author":2,"featured_media":0,"comment_status":"open","ping_status":"open","sticky":false,"template":"","format":"standard","meta":{"footnotes":""},"categories":[18],"tags":[337,1966,90],"class_list":["post-8624","post","type-post","status-publish","format-standard","hentry","category-noticias","tag-concurso-publico","tag-nomeacao","tag-stf"],"_links":{"self":[{"href":"https:\/\/silvafreire.com.br\/site\/wp-json\/wp\/v2\/posts\/8624","targetHints":{"allow":["GET"]}}],"collection":[{"href":"https:\/\/silvafreire.com.br\/site\/wp-json\/wp\/v2\/posts"}],"about":[{"href":"https:\/\/silvafreire.com.br\/site\/wp-json\/wp\/v2\/types\/post"}],"author":[{"embeddable":true,"href":"https:\/\/silvafreire.com.br\/site\/wp-json\/wp\/v2\/users\/2"}],"replies":[{"embeddable":true,"href":"https:\/\/silvafreire.com.br\/site\/wp-json\/wp\/v2\/comments?post=8624"}],"version-history":[{"count":0,"href":"https:\/\/silvafreire.com.br\/site\/wp-json\/wp\/v2\/posts\/8624\/revisions"}],"wp:attachment":[{"href":"https:\/\/silvafreire.com.br\/site\/wp-json\/wp\/v2\/media?parent=8624"}],"wp:term":[{"taxonomy":"category","embeddable":true,"href":"https:\/\/silvafreire.com.br\/site\/wp-json\/wp\/v2\/categories?post=8624"},{"taxonomy":"post_tag","embeddable":true,"href":"https:\/\/silvafreire.com.br\/site\/wp-json\/wp\/v2\/tags?post=8624"}],"curies":[{"name":"wp","href":"https:\/\/api.w.org\/{rel}","templated":true}]}}