{"id":8626,"date":"2018-09-12T15:27:21","date_gmt":"2018-09-12T18:27:21","guid":{"rendered":"http:\/\/silvafreire.com.br\/site\/?p=8626"},"modified":"2018-09-12T15:27:21","modified_gmt":"2018-09-12T18:27:21","slug":"sao-imprescritiveis-as-acoes-de-reintegracao-em-cargo-publico-quando-o-afastamento-se-deu-em-razao-de-atos-de-excecao-praticados-durante-o-regime-militar","status":"publish","type":"post","link":"https:\/\/silvafreire.com.br\/site\/sao-imprescritiveis-as-acoes-de-reintegracao-em-cargo-publico-quando-o-afastamento-se-deu-em-razao-de-atos-de-excecao-praticados-durante-o-regime-militar\/","title":{"rendered":"S\u00e3o imprescrit\u00edveis as a\u00e7\u00f5es de reintegra\u00e7\u00e3o em cargo p\u00fablico quando o afastamento se deu em raz\u00e3o de atos de exce\u00e7\u00e3o praticados durante o regime militar"},"content":{"rendered":"<p>\t\t\t\tA Constitui\u00e7\u00e3o da Rep\u00fablica n\u00e3o prev\u00ea lapso prescricional para o exerc\u00edcio do direito de agir quando se trata de defender o direito inalien\u00e1vel \u00e0 dignidade humana, sobretudo quando violados durante o per\u00edodo do regime de exce\u00e7\u00e3o.<\/p>\n<p>Nesse cen\u00e1rio, observa-se que esta Corte orienta-se no sentido de reconhecer a imprescritibilidade da repara\u00e7\u00e3o de danos, moral e\/ou material, decorrentes de viola\u00e7\u00e3o de direitos fundamentais perpetrada durante o regime militar, per\u00edodo de supress\u00e3o das liberdades p\u00fablicas.<\/p>\n<p>Por seu turno, a a\u00e7\u00e3o buscando a reintegra\u00e7\u00e3o ao cargo p\u00fablico, deve seguir o mesmo regramento das a\u00e7\u00f5es indenizat\u00f3rias, porquanto a causa de pedir tamb\u00e9m decorre da viola\u00e7\u00e3o de direitos fundamentais perpetrada durante o regime militar.<\/p>\n<p>O retorno ao servi\u00e7o p\u00fablico, nessa perspectiva, corresponde \u00e0 repara\u00e7\u00e3o intimamente ligada ao princ\u00edpio da dignidade humana, porquanto o trabalho representa uma das express\u00f5es mais relevantes do ser humano, sem o qual o indiv\u00edduo \u00e9 privado do exerc\u00edcio amplo dos demais direitos constitucionalmente garantidos.<\/p>\n<p>Vale ressaltar, contudo, que o Superior Tribunal de Justi\u00e7a consignou que a imprescritibilidade da a\u00e7\u00e3o que visa reparar danos provocados pelos atos de exce\u00e7\u00e3o n\u00e3o implica o afastamento da prescri\u00e7\u00e3o quinquenal sobre as parcelas eventualmente devidas.<\/p>\n<p>Diante desse quadro, a compreens\u00e3o que melhor enaltece as balizas centrais da Constitui\u00e7\u00e3o da Rep\u00fablica aponta no sentido de n\u00e3o incidir a prescri\u00e7\u00e3o para as pretens\u00f5es de reintegra\u00e7\u00e3o em cargo p\u00fablico quando o afastamento foi motivado pelos atos de exce\u00e7\u00e3o praticados durante o regime militar.\t\t<\/p>\n","protected":false},"excerpt":{"rendered":"<p>A Constitui\u00e7\u00e3o da Rep\u00fablica n\u00e3o prev\u00ea lapso prescricional para o exerc\u00edcio do direito de agir quando se trata de defender o direito inalien\u00e1vel \u00e0 dignidade humana, sobretudo quando violados durante o per\u00edodo do regime de exce\u00e7\u00e3o. Nesse cen\u00e1rio, observa-se que esta Corte orienta-se no sentido de reconhecer a imprescritibilidade da repara\u00e7\u00e3o de danos, moral e\/ou [&hellip;]<\/p>\n","protected":false},"author":2,"featured_media":0,"comment_status":"open","ping_status":"open","sticky":false,"template":"","format":"standard","meta":{"footnotes":""},"categories":[18],"tags":[1967,1968,1969,83,1970],"class_list":["post-8626","post","type-post","status-publish","format-standard","hentry","category-noticias","tag-constituicao-da-republica","tag-lapso-prescricional","tag-regime-militar","tag-stj","tag-violacao-de-direitos"],"_links":{"self":[{"href":"https:\/\/silvafreire.com.br\/site\/wp-json\/wp\/v2\/posts\/8626","targetHints":{"allow":["GET"]}}],"collection":[{"href":"https:\/\/silvafreire.com.br\/site\/wp-json\/wp\/v2\/posts"}],"about":[{"href":"https:\/\/silvafreire.com.br\/site\/wp-json\/wp\/v2\/types\/post"}],"author":[{"embeddable":true,"href":"https:\/\/silvafreire.com.br\/site\/wp-json\/wp\/v2\/users\/2"}],"replies":[{"embeddable":true,"href":"https:\/\/silvafreire.com.br\/site\/wp-json\/wp\/v2\/comments?post=8626"}],"version-history":[{"count":0,"href":"https:\/\/silvafreire.com.br\/site\/wp-json\/wp\/v2\/posts\/8626\/revisions"}],"wp:attachment":[{"href":"https:\/\/silvafreire.com.br\/site\/wp-json\/wp\/v2\/media?parent=8626"}],"wp:term":[{"taxonomy":"category","embeddable":true,"href":"https:\/\/silvafreire.com.br\/site\/wp-json\/wp\/v2\/categories?post=8626"},{"taxonomy":"post_tag","embeddable":true,"href":"https:\/\/silvafreire.com.br\/site\/wp-json\/wp\/v2\/tags?post=8626"}],"curies":[{"name":"wp","href":"https:\/\/api.w.org\/{rel}","templated":true}]}}