{"id":8701,"date":"2018-10-29T11:12:43","date_gmt":"2018-10-29T14:12:43","guid":{"rendered":"http:\/\/silvafreire.com.br\/site\/?p=8701"},"modified":"2018-10-29T11:12:43","modified_gmt":"2018-10-29T14:12:43","slug":"ministerio-do-trabalho-recebe-acordo-coletivo-dos-bancarios","status":"publish","type":"post","link":"https:\/\/silvafreire.com.br\/site\/ministerio-do-trabalho-recebe-acordo-coletivo-dos-bancarios\/","title":{"rendered":"Minist\u00e9rio do Trabalho recebe acordo coletivo dos banc\u00e1rios"},"content":{"rendered":"<p>\t\t\t\tO ministro do Trabalho, Caio Viera de Mello, reuniu-se com o diretor de Pol\u00edticas de Rela\u00e7\u00f5es Trabalhistas e Sindicais da Federa\u00e7\u00e3o Brasileira de Bancos (Febraban), Adauto Duarte. No encontro foram apresentados ao Minist\u00e9rio os resultados da negocia\u00e7\u00e3o da conven\u00e7\u00e3o coletiva de trabalho dos banc\u00e1rios de 2018, que consiste na maior negocia\u00e7\u00e3o setorial unificada deste ano no pa\u00eds.<\/p>\n<p>A negocia\u00e7\u00e3o tem impacto direto na economia. Somente em valor adicionado de acordo, com a proje\u00e7\u00e3o da cl\u00e1usula salarial pactuada na negocia\u00e7\u00e3o, \u00e9 estimado um aporte de R$ 8,5 bilh\u00f5es entre setembro e dezembro deste ano. Em dois anos (2019 e 2020), o acr\u00e9scimo ser\u00e1 de R$ 41,5 bilh\u00f5es na economia nacional.<\/p>\n<p>A conven\u00e7\u00e3o \u00e9 unificada e nacional. Abrange 150 institui\u00e7\u00f5es banc\u00e1rias, que representam 450 mil empregados em 3.789 munic\u00edpios.<\/p>\n<p><strong>Fonte: <\/strong><a href=\"https:\/\/sitecontabil.com.br\/\"><strong>sitecontabil.com.br<\/strong><\/a>\t\t<\/p>\n","protected":false},"excerpt":{"rendered":"<p>O ministro do Trabalho, Caio Viera de Mello, reuniu-se com o diretor de Pol\u00edticas de Rela\u00e7\u00f5es Trabalhistas e Sindicais da Federa\u00e7\u00e3o Brasileira de Bancos (Febraban), Adauto Duarte. No encontro foram apresentados ao Minist\u00e9rio os resultados da negocia\u00e7\u00e3o da conven\u00e7\u00e3o coletiva de trabalho dos banc\u00e1rios de 2018, que consiste na maior negocia\u00e7\u00e3o setorial unificada deste ano [&hellip;]<\/p>\n","protected":false},"author":2,"featured_media":0,"comment_status":"open","ping_status":"open","sticky":false,"template":"","format":"standard","meta":{"footnotes":""},"categories":[21],"tags":[59,1047,2040],"class_list":["post-8701","post","type-post","status-publish","format-standard","hentry","category-noticiasbancarios","tag-bancarios","tag-ministerio-do-trabalho","tag-politicas-de-relacoes-trabalhistas-e-sindicais-da-federacao-brasileira-de-bancos"],"_links":{"self":[{"href":"https:\/\/silvafreire.com.br\/site\/wp-json\/wp\/v2\/posts\/8701","targetHints":{"allow":["GET"]}}],"collection":[{"href":"https:\/\/silvafreire.com.br\/site\/wp-json\/wp\/v2\/posts"}],"about":[{"href":"https:\/\/silvafreire.com.br\/site\/wp-json\/wp\/v2\/types\/post"}],"author":[{"embeddable":true,"href":"https:\/\/silvafreire.com.br\/site\/wp-json\/wp\/v2\/users\/2"}],"replies":[{"embeddable":true,"href":"https:\/\/silvafreire.com.br\/site\/wp-json\/wp\/v2\/comments?post=8701"}],"version-history":[{"count":0,"href":"https:\/\/silvafreire.com.br\/site\/wp-json\/wp\/v2\/posts\/8701\/revisions"}],"wp:attachment":[{"href":"https:\/\/silvafreire.com.br\/site\/wp-json\/wp\/v2\/media?parent=8701"}],"wp:term":[{"taxonomy":"category","embeddable":true,"href":"https:\/\/silvafreire.com.br\/site\/wp-json\/wp\/v2\/categories?post=8701"},{"taxonomy":"post_tag","embeddable":true,"href":"https:\/\/silvafreire.com.br\/site\/wp-json\/wp\/v2\/tags?post=8701"}],"curies":[{"name":"wp","href":"https:\/\/api.w.org\/{rel}","templated":true}]}}