{"id":8759,"date":"2018-11-06T08:53:15","date_gmt":"2018-11-06T11:53:15","guid":{"rendered":"http:\/\/silvafreire.com.br\/site\/?p=8759"},"modified":"2018-11-06T08:53:15","modified_gmt":"2018-11-06T11:53:15","slug":"relevancia-das-mudancas-tributarias-e-destacada-por-economistas-e-empresarios","status":"publish","type":"post","link":"https:\/\/silvafreire.com.br\/site\/relevancia-das-mudancas-tributarias-e-destacada-por-economistas-e-empresarios\/","title":{"rendered":"Relev\u00e2ncia das mudan\u00e7as tribut\u00e1rias \u00e9 destacada por economistas e empres\u00e1rios"},"content":{"rendered":"<p>\t\t\t\tReforma tribut\u00e1ria e a necessidade de o pa\u00eds atrair mais investimentos se mostraram os temas relevantes tanto para os empres\u00e1rios, quanto para os economistas, durante evento que tratou de planos para o pr\u00f3ximo governo federal.<\/p>\n<p>Em debate promovido pelo Grupo de L\u00edderes Empresariais (Lide), o economista Eduardo Giannetti Fonseca afirmou que a carga tribut\u00e1ria no Pa\u00eds \u00e9 muito regressiva, por cobrar mais daqueles que ganham menos. Ele defendeu a necessidade de revis\u00e3o perante o pacto federativo.<\/p>\n<p>J\u00e1 Mauro Benevides Filho destacou a implanta\u00e7\u00e3o de um programa de simplifica\u00e7\u00e3o tribut\u00e1ria, que eliminaria obriga\u00e7\u00f5es consideradas acess\u00f3rias e tornaria a legisla\u00e7\u00e3o do Imposto sobre Circula\u00e7\u00e3o de Mercadorias e Servi\u00e7os (ICMS) uniformizada.<\/p>\n<p>Investimentos<\/p>\n<p>Economistas tamb\u00e9m destacaram a necessidade de atrair capital privado para a \u00e1rea de infraestrutura, diante da falta de recursos p\u00fablicos.<\/p>\n<p>\u201cDada a dramaticidade das finan\u00e7as p\u00fablicas brasileiras, n\u00e3o d\u00e1 para sonhar com investimentos p\u00fablicos\u201d, afirmou Eduardo Giannetti. \u201cO que d\u00e1 para fazer \u00e9 aumentar a confian\u00e7a do investidor para atrair capital privado e ter uma maior participa\u00e7\u00e3o do Banco Nacional de Desenvolvimento Econ\u00f4mico e Social (BNDES) no campo da infraestrutura, mas n\u00e3o fazendo um uso agressivo da institui\u00e7\u00e3o, como j\u00e1 foi feito no passado\u201d, acrescentou, no evento.<\/p>\n<p>Para Giannetti, as principais \u00e1reas para atua\u00e7\u00e3o seriam a do transporte, com a inten\u00e7\u00e3o de diminuir a depend\u00eancia do pa\u00eds pelo modal rodovi\u00e1rio e de energia sustent\u00e1vel. Segundo ele, o governo ainda forneceria incentivos para que essas \u00e1reas pudessem deslanchar.<\/p>\n<p><strong>Fonte: <\/strong><a href=\"https:\/\/sitecontabil.com.br\/\"><strong>sitecontabil.com.br<\/strong><\/a>\t\t<\/p>\n","protected":false},"excerpt":{"rendered":"<p>Reforma tribut\u00e1ria e a necessidade de o pa\u00eds atrair mais investimentos se mostraram os temas relevantes tanto para os empres\u00e1rios, quanto para os economistas, durante evento que tratou de planos para o pr\u00f3ximo governo federal. Em debate promovido pelo Grupo de L\u00edderes Empresariais (Lide), o economista Eduardo Giannetti Fonseca afirmou que a carga tribut\u00e1ria no [&hellip;]<\/p>\n","protected":false},"author":2,"featured_media":0,"comment_status":"open","ping_status":"open","sticky":false,"template":"","format":"standard","meta":{"footnotes":""},"categories":[18],"tags":[2054,1719,2055,2056,2057],"class_list":["post-8759","post","type-post","status-publish","format-standard","hentry","category-noticias","tag-banco-nacional-de-desenvolvimento-economico-e-social","tag-governo-federal","tag-grupo-de-lideres-empresariais","tag-imposto-sobre-circulacao-de-mercadorias-e-servicos","tag-reforma-tributaria"],"_links":{"self":[{"href":"https:\/\/silvafreire.com.br\/site\/wp-json\/wp\/v2\/posts\/8759","targetHints":{"allow":["GET"]}}],"collection":[{"href":"https:\/\/silvafreire.com.br\/site\/wp-json\/wp\/v2\/posts"}],"about":[{"href":"https:\/\/silvafreire.com.br\/site\/wp-json\/wp\/v2\/types\/post"}],"author":[{"embeddable":true,"href":"https:\/\/silvafreire.com.br\/site\/wp-json\/wp\/v2\/users\/2"}],"replies":[{"embeddable":true,"href":"https:\/\/silvafreire.com.br\/site\/wp-json\/wp\/v2\/comments?post=8759"}],"version-history":[{"count":0,"href":"https:\/\/silvafreire.com.br\/site\/wp-json\/wp\/v2\/posts\/8759\/revisions"}],"wp:attachment":[{"href":"https:\/\/silvafreire.com.br\/site\/wp-json\/wp\/v2\/media?parent=8759"}],"wp:term":[{"taxonomy":"category","embeddable":true,"href":"https:\/\/silvafreire.com.br\/site\/wp-json\/wp\/v2\/categories?post=8759"},{"taxonomy":"post_tag","embeddable":true,"href":"https:\/\/silvafreire.com.br\/site\/wp-json\/wp\/v2\/tags?post=8759"}],"curies":[{"name":"wp","href":"https:\/\/api.w.org\/{rel}","templated":true}]}}