{"id":9667,"date":"2018-12-04T07:50:19","date_gmt":"2018-12-04T10:50:19","guid":{"rendered":"http:\/\/silvafreire.com.br\/site\/?p=9667"},"modified":"2018-12-04T07:50:19","modified_gmt":"2018-12-04T10:50:19","slug":"apos-sucessivas-manifestacoes-do-defeito-consumidor-tem-o-direito-de-exigir-dinheiro-de-volta-em-30-dias-corridos","status":"publish","type":"post","link":"https:\/\/silvafreire.com.br\/site\/apos-sucessivas-manifestacoes-do-defeito-consumidor-tem-o-direito-de-exigir-dinheiro-de-volta-em-30-dias-corridos\/","title":{"rendered":"Ap\u00f3s sucessivas manifesta\u00e7\u00f5es do defeito, consumidor tem o direito de exigir dinheiro de volta em 30 dias corridos"},"content":{"rendered":"<p>\t\t\t\tO prazo de 30 dias previsto no artigo 18 do C\u00f3digo de Defesa do Consumidor (CDC), para que os fornecedores corrijam os v\u00edcios dos produtos, \u00e9 computado de forma corrida caso haja sucessivas manifesta\u00e7\u00f5es do mesmo v\u00edcio.<\/p>\n<p>A tese foi firmada pela Terceira Turma do Superior Tribunal de Justi\u00e7a (STJ) em recurso especial no qual uma montadora e uma concession\u00e1ria de ve\u00edculos questionavam decis\u00e3o do Tribunal de Justi\u00e7a do Cear\u00e1 (TJCE). Em a\u00e7\u00e3o de rescis\u00e3o contratual movida pela consumidora, a corte estadual manteve a condena\u00e7\u00e3o das empresas \u00e0 devolu\u00e7\u00e3o integral da quantia que ela havia pago pelo ve\u00edculo.<\/p>\n<p>Nos autos, a consumidora relatou que o carro foi adquirido em 16 de fevereiro de 2009 e que apresentou defeito por quatro vezes, sendo a primeira em 19 de mar\u00e7o e as seguintes em 24 de mar\u00e7o e em 4 e 9 de abril do mesmo ano. Segundo ela, ap\u00f3s ir pela quarta vez para o conserto, apenas no dia 22 de abril o ve\u00edculo foi disponibilizado para retirada, o que ultrapassaria os 30 dias previstos no CDC para que o consumidor pudesse exercer as op\u00e7\u00f5es asseguradas pelo artigo 18.<\/p>\n<p>Em seu voto, a ministra relatora do caso, Nancy Andrighi, afirmou que o prazo m\u00e1ximo de 30 dias para saneamento do v\u00edcio do produto, previsto no artigo 18 do CDC, deve ser contado \u201cdesde a primeira manifesta\u00e7\u00e3o do defeito at\u00e9 o seu efetivo reparo, sem interrup\u00e7\u00e3o ou suspens\u00e3o\u201d.<\/p>\n<p><strong>Fonte: <\/strong><a href=\"http:\/\/www.stj.jus.br\/\"><strong>stj.jus.br<\/strong><\/a>\t\t<\/p>\n","protected":false},"excerpt":{"rendered":"<p>O prazo de 30 dias previsto no artigo 18 do C\u00f3digo de Defesa do Consumidor (CDC), para que os fornecedores corrijam os v\u00edcios dos produtos, \u00e9 computado de forma corrida caso haja sucessivas manifesta\u00e7\u00f5es do mesmo v\u00edcio. A tese foi firmada pela Terceira Turma do Superior Tribunal de Justi\u00e7a (STJ) em recurso especial no qual [&hellip;]<\/p>\n","protected":false},"author":2,"featured_media":0,"comment_status":"closed","ping_status":"closed","sticky":false,"template":"","format":"standard","meta":{"footnotes":""},"categories":[18],"tags":[747,83,2098],"class_list":["post-9667","post","type-post","status-publish","format-standard","hentry","category-noticias","tag-codigo-de-defesa-do-consumidor","tag-stj","tag-tribunal-de-justica-do-ceara"],"_links":{"self":[{"href":"https:\/\/silvafreire.com.br\/site\/wp-json\/wp\/v2\/posts\/9667","targetHints":{"allow":["GET"]}}],"collection":[{"href":"https:\/\/silvafreire.com.br\/site\/wp-json\/wp\/v2\/posts"}],"about":[{"href":"https:\/\/silvafreire.com.br\/site\/wp-json\/wp\/v2\/types\/post"}],"author":[{"embeddable":true,"href":"https:\/\/silvafreire.com.br\/site\/wp-json\/wp\/v2\/users\/2"}],"replies":[{"embeddable":true,"href":"https:\/\/silvafreire.com.br\/site\/wp-json\/wp\/v2\/comments?post=9667"}],"version-history":[{"count":0,"href":"https:\/\/silvafreire.com.br\/site\/wp-json\/wp\/v2\/posts\/9667\/revisions"}],"wp:attachment":[{"href":"https:\/\/silvafreire.com.br\/site\/wp-json\/wp\/v2\/media?parent=9667"}],"wp:term":[{"taxonomy":"category","embeddable":true,"href":"https:\/\/silvafreire.com.br\/site\/wp-json\/wp\/v2\/categories?post=9667"},{"taxonomy":"post_tag","embeddable":true,"href":"https:\/\/silvafreire.com.br\/site\/wp-json\/wp\/v2\/tags?post=9667"}],"curies":[{"name":"wp","href":"https:\/\/api.w.org\/{rel}","templated":true}]}}