{"id":9920,"date":"2019-02-04T08:36:27","date_gmt":"2019-02-04T11:36:27","guid":{"rendered":"http:\/\/silvafreire.com.br\/site\/?p=9920"},"modified":"2019-02-04T08:36:27","modified_gmt":"2019-02-04T11:36:27","slug":"ministerio-da-economia-informa-reajuste-de-343-em-seguro-desemprego","status":"publish","type":"post","link":"https:\/\/silvafreire.com.br\/site\/ministerio-da-economia-informa-reajuste-de-343-em-seguro-desemprego\/","title":{"rendered":"Minist\u00e9rio da Economia informa reajuste de 3,43% em seguro-desemprego"},"content":{"rendered":"<p>\t\t\t\t<span style=\"font-weight: 400;\">O empregado demitido sem justa causa teve o seguro-desemprego corrigido em 3,43%, correspondente \u00e0 infla\u00e7\u00e3o do \u00cdndice Nacional de Pre\u00e7os ao Consumidor (INPC) no ano passado, informou o Minist\u00e9rio da Economia.<\/span><\/p>\n<p><span style=\"font-weight: 400;\">A parcela m\u00e1xima passou de R$ 1.677,74 para R$ 1.735,29. A m\u00ednima, que acompanha o valor do sal\u00e1rio m\u00ednimo, foi reajustada de R$ 954 para R$ 998.<\/span><\/p>\n<p><span style=\"font-weight: 400;\">O benefici\u00e1rio n\u00e3o pode exercer atividade remunerada, informal ou formal, enquanto recebe o seguro. O trabalhador \u00e9 obrigado a devolver as parcelas recebidas indevidamente, caso saque o benef\u00edcio e tenha alguma ocupa\u00e7\u00e3o.<\/span><\/p>\n<p><b>Fonte: <\/b><a href=\"https:\/\/sitecontabil.com.br\/\"><b>sitecontabil.com.br<\/b><\/a>\t\t<\/p>\n","protected":false},"excerpt":{"rendered":"<p>O empregado demitido sem justa causa teve o seguro-desemprego corrigido em 3,43%, correspondente \u00e0 infla\u00e7\u00e3o do \u00cdndice Nacional de Pre\u00e7os ao Consumidor (INPC) no ano passado, informou o Minist\u00e9rio da Economia. A parcela m\u00e1xima passou de R$ 1.677,74 para R$ 1.735,29. A m\u00ednima, que acompanha o valor do sal\u00e1rio m\u00ednimo, foi reajustada de R$ 954 [&hellip;]<\/p>\n","protected":false},"author":2,"featured_media":0,"comment_status":"closed","ping_status":"closed","sticky":false,"template":"","format":"standard","meta":{"footnotes":""},"categories":[18],"tags":[435,2127,2196,2123],"class_list":["post-9920","post","type-post","status-publish","format-standard","hentry","category-noticias","tag-inflacao","tag-inpc","tag-ministerio-da-economia","tag-seguro-desemprego"],"_links":{"self":[{"href":"https:\/\/silvafreire.com.br\/site\/wp-json\/wp\/v2\/posts\/9920","targetHints":{"allow":["GET"]}}],"collection":[{"href":"https:\/\/silvafreire.com.br\/site\/wp-json\/wp\/v2\/posts"}],"about":[{"href":"https:\/\/silvafreire.com.br\/site\/wp-json\/wp\/v2\/types\/post"}],"author":[{"embeddable":true,"href":"https:\/\/silvafreire.com.br\/site\/wp-json\/wp\/v2\/users\/2"}],"replies":[{"embeddable":true,"href":"https:\/\/silvafreire.com.br\/site\/wp-json\/wp\/v2\/comments?post=9920"}],"version-history":[{"count":0,"href":"https:\/\/silvafreire.com.br\/site\/wp-json\/wp\/v2\/posts\/9920\/revisions"}],"wp:attachment":[{"href":"https:\/\/silvafreire.com.br\/site\/wp-json\/wp\/v2\/media?parent=9920"}],"wp:term":[{"taxonomy":"category","embeddable":true,"href":"https:\/\/silvafreire.com.br\/site\/wp-json\/wp\/v2\/categories?post=9920"},{"taxonomy":"post_tag","embeddable":true,"href":"https:\/\/silvafreire.com.br\/site\/wp-json\/wp\/v2\/tags?post=9920"}],"curies":[{"name":"wp","href":"https:\/\/api.w.org\/{rel}","templated":true}]}}