{"id":9922,"date":"2019-02-04T08:45:36","date_gmt":"2019-02-04T11:45:36","guid":{"rendered":"http:\/\/silvafreire.com.br\/site\/?p=9922"},"modified":"2019-02-04T08:45:36","modified_gmt":"2019-02-04T11:45:36","slug":"melhorias-na-plr-do-mercantil-do-brasil-sao-conquistadas-por-sindicato-dos-bancarios","status":"publish","type":"post","link":"https:\/\/silvafreire.com.br\/site\/melhorias-na-plr-do-mercantil-do-brasil-sao-conquistadas-por-sindicato-dos-bancarios\/","title":{"rendered":"Melhorias na PLR do Mercantil do Brasil s\u00e3o conquistadas por sindicato dos banc\u00e1rios"},"content":{"rendered":"<p>\t\t\t\t<span style=\"font-weight: 400;\">O Sindicato realizou uma reuni\u00e3o com o Banco Mercantil para delibera\u00e7\u00f5es sobre o programa pr\u00f3prio de Participa\u00e7\u00e3o nos Lucros e Resultados do banco para o ano de 2019. <\/span><\/p>\n<p><span style=\"font-weight: 400;\">Os trabalhadores e o Sindicato foram representados pelo funcion\u00e1rio do Mercantil do Brasil e diretor da entidade, Marco Aur\u00e9lio Alves e pelo advogado S\u00e1vio Leite. J\u00e1 o banco foi representado pelos Superintendentes de RH M\u00e1rcio Ferreira e Jos\u00e9 Bahia e pelos Gerentes do GDN, Igor Magalh\u00e3es e S\u00e9rgio Batista.<\/span><\/p>\n<p><span style=\"font-weight: 400;\">No in\u00edcio das discuss\u00f5es Marco Aur\u00e9lio Alves argumentou sobre o abusivo incremento de 30% na meta de lucro do banco para o ano de 2019, passando para R$ 130 milh\u00f5es, e a meta de redu\u00e7\u00e3o de despesas. Denunciou tamb\u00e9m a imposi\u00e7\u00e3o do banco em pagar o programa pr\u00f3prio somente com o cumprimento de 100% das metas.<\/span><\/p>\n<p><span style=\"font-weight: 400;\">Marco Aur\u00e9lio lembrou que em anos anteriores causou bastante insatisfa\u00e7\u00e3o aos funcion\u00e1rios o n\u00e3o cumprimento integral das metas estabelecidas \u00a0e a consequente redu\u00e7\u00e3o dos valores recebidos a t\u00edtulo de programa pr\u00f3prio de PLR. O Sindicato solicitou tamb\u00e9m a inclus\u00e3o de dependentes no recebimento do programa pr\u00f3prio em caso de falecimento do funcion\u00e1rio.<\/span><\/p>\n<p><span style=\"font-weight: 400;\">Diante do impasse, o Banco Mercantil recuou de sua posi\u00e7\u00e3o inicial e abriu a possibilidade de um gatilho que contemple o pagamento do programa pr\u00f3prio de PLR a partir do cumprimento de 80% da meta, ou seja, os funcion\u00e1rios passam a receber, proporcionalmente, a partir do atingimento do lucro de R$ 104 milh\u00f5es, uma redu\u00e7\u00e3o de R$ 26 milh\u00f5es.<\/span><\/p>\n<p><span style=\"font-weight: 400;\">O Sindicato agora espera a nova reda\u00e7\u00e3o do programa pr\u00f3prio de PLR, para aprecia\u00e7\u00e3o, discuss\u00e3o e delibera\u00e7\u00e3o junto a base \u00a0em assembleia que ser\u00e1 convocada especificamente para esse fim.<\/span><\/p>\n<p><b>Fonte: <\/b><a href=\"https:\/\/bancariosbh.org.br\/\"><b>bancariosbh.org.br<\/b><\/a><\/p>\n<p>&nbsp;<\/p>\n<p><img decoding=\"async\" class=\"aligncenter wp-image-9923\" src=\"http:\/\/silvafreire.com.br\/site\/wp-content\/uploads\/2019\/02\/PLRMercantilBrasil.png\" alt=\"PLR Mercantil Brasil\" width=\"1\" height=\"1\" \/>\t\t<\/p>\n","protected":false},"excerpt":{"rendered":"<p>O Sindicato realizou uma reuni\u00e3o com o Banco Mercantil para delibera\u00e7\u00f5es sobre o programa pr\u00f3prio de Participa\u00e7\u00e3o nos Lucros e Resultados do banco para o ano de 2019. Os trabalhadores e o Sindicato foram representados pelo funcion\u00e1rio do Mercantil do Brasil e diretor da entidade, Marco Aur\u00e9lio Alves e pelo advogado S\u00e1vio Leite. J\u00e1 o [&hellip;]<\/p>\n","protected":false},"author":2,"featured_media":0,"comment_status":"closed","ping_status":"closed","sticky":false,"template":"","format":"standard","meta":{"footnotes":""},"categories":[21],"tags":[2197,184,234,272],"class_list":["post-9922","post","type-post","status-publish","format-standard","hentry","category-noticiasbancarios","tag-gdn","tag-lucros","tag-mercantil-do-brasil","tag-plr"],"_links":{"self":[{"href":"https:\/\/silvafreire.com.br\/site\/wp-json\/wp\/v2\/posts\/9922","targetHints":{"allow":["GET"]}}],"collection":[{"href":"https:\/\/silvafreire.com.br\/site\/wp-json\/wp\/v2\/posts"}],"about":[{"href":"https:\/\/silvafreire.com.br\/site\/wp-json\/wp\/v2\/types\/post"}],"author":[{"embeddable":true,"href":"https:\/\/silvafreire.com.br\/site\/wp-json\/wp\/v2\/users\/2"}],"replies":[{"embeddable":true,"href":"https:\/\/silvafreire.com.br\/site\/wp-json\/wp\/v2\/comments?post=9922"}],"version-history":[{"count":0,"href":"https:\/\/silvafreire.com.br\/site\/wp-json\/wp\/v2\/posts\/9922\/revisions"}],"wp:attachment":[{"href":"https:\/\/silvafreire.com.br\/site\/wp-json\/wp\/v2\/media?parent=9922"}],"wp:term":[{"taxonomy":"category","embeddable":true,"href":"https:\/\/silvafreire.com.br\/site\/wp-json\/wp\/v2\/categories?post=9922"},{"taxonomy":"post_tag","embeddable":true,"href":"https:\/\/silvafreire.com.br\/site\/wp-json\/wp\/v2\/tags?post=9922"}],"curies":[{"name":"wp","href":"https:\/\/api.w.org\/{rel}","templated":true}]}}