{"id":9925,"date":"2019-02-04T10:28:36","date_gmt":"2019-02-04T13:28:36","guid":{"rendered":"http:\/\/silvafreire.com.br\/site\/?p=9925"},"modified":"2019-02-04T10:28:36","modified_gmt":"2019-02-04T13:28:36","slug":"fim-do-periodo-de-adesao-ou-desenquadramento-no-simples-nacional-pode-levar-empresas-a-serem-excluidas-do-sistema","status":"publish","type":"post","link":"https:\/\/silvafreire.com.br\/site\/fim-do-periodo-de-adesao-ou-desenquadramento-no-simples-nacional-pode-levar-empresas-a-serem-excluidas-do-sistema\/","title":{"rendered":"Fim do per\u00edodo de ades\u00e3o ou desenquadramento no Simples Nacional pode levar empresas a serem exclu\u00eddas do sistema"},"content":{"rendered":"<p>\t\t\t\t<span style=\"font-weight: 400;\">O Sescap-Ldr (Sindicato das Empresas de Assessoramento, Per\u00edcias, Informa\u00e7\u00f5es, Pesquisas e de Servi\u00e7os Cont\u00e1beis de Londrina e Regi\u00e3o) chama a aten\u00e7\u00e3o das Microempresas (MPE), Empresas de Pequeno Porte (EPP) e dos Microempreendedores Individuais (MEIs) no que se refere ao regime de tributa\u00e7\u00e3o Simples Nacional, em especial as que possuem d\u00e9bitos, j\u00e1 que no dia 31 de janeiro encerrou o per\u00edodo de ades\u00e3o ou desenquadramento no sistema. <\/span><\/p>\n<p><span style=\"font-weight: 400;\">O empres\u00e1rio cont\u00e1bil e diretor regional do Sescap-Ldr, Rodrigo Damas, alerta que n\u00e3o \u00e9 somente os d\u00e9bitos com o Simples Nacional que ocasiona a exclus\u00e3o, d\u00e9bitos com o IPVA e ITCMD na esfera estadual, por exemplo, tamb\u00e9m s\u00e3o motivos de exclus\u00e3o, bem como com as taxas e impostos municipais ou ainda d\u00e9bitos com a Previd\u00eancia Social. <\/span><\/p>\n<p><span style=\"font-weight: 400;\">Empresas que s\u00e3o exclu\u00eddas do Simples Nacional ou optarem por outro regime devem estar cientes que ter\u00e3o de cumprir uma s\u00e9rie de obriga\u00e7\u00f5es acess\u00f3rias a mais, como DCTF, SPED contribui\u00e7\u00f5es, SPED ECF, SPED Cont\u00e1bil, Recolhimento de ICMS por regime de D\u00e9bito e Cr\u00e9dito de Imposto, recolhimento de ISSQN sobre al\u00edquota pr\u00f3pria do munic\u00edpio, al\u00e9m dos tributos federais como COFINS, PIS, CSLL E IRPJ e, quando aplic\u00e1vel, IPI, elevando sua carga tribut\u00e1ria, e mais o recolhimento previdenci\u00e1rio patronal sobre a folha de pagamento. \u00a0<\/span><\/p>\n<p><span style=\"font-weight: 400;\">Tudo isso pode acabar por inviabilizar ou comprometer a continuidade das atividades da empresa.<\/span><\/p>\n<p><b>Fonte: <\/b><a href=\"https:\/\/sitecontabil.com.br\/\"><b>sitecontabil.com.br<\/b><\/a>\t\t<\/p>\n","protected":false},"excerpt":{"rendered":"<p>O Sescap-Ldr (Sindicato das Empresas de Assessoramento, Per\u00edcias, Informa\u00e7\u00f5es, Pesquisas e de Servi\u00e7os Cont\u00e1beis de Londrina e Regi\u00e3o) chama a aten\u00e7\u00e3o das Microempresas (MPE), Empresas de Pequeno Porte (EPP) e dos Microempreendedores Individuais (MEIs) no que se refere ao regime de tributa\u00e7\u00e3o Simples Nacional, em especial as que possuem d\u00e9bitos, j\u00e1 que no dia 31 [&hellip;]<\/p>\n","protected":false},"author":2,"featured_media":0,"comment_status":"closed","ping_status":"closed","sticky":false,"template":"","format":"standard","meta":{"footnotes":""},"categories":[18],"tags":[694,2198,2199,1652,1608,1204,1704,2200,1882,695,1867,2201,370,2202,2203],"class_list":["post-9925","post","type-post","status-publish","format-standard","hentry","category-noticias","tag-cofins","tag-csll-e-irpj","tag-dctf","tag-epp","tag-ipi","tag-ipva","tag-issqn","tag-itcmd","tag-mpe","tag-pis","tag-previdencia-social","tag-sescap-ldr","tag-simples-nacional","tag-sped","tag-sped-ecf"],"_links":{"self":[{"href":"https:\/\/silvafreire.com.br\/site\/wp-json\/wp\/v2\/posts\/9925","targetHints":{"allow":["GET"]}}],"collection":[{"href":"https:\/\/silvafreire.com.br\/site\/wp-json\/wp\/v2\/posts"}],"about":[{"href":"https:\/\/silvafreire.com.br\/site\/wp-json\/wp\/v2\/types\/post"}],"author":[{"embeddable":true,"href":"https:\/\/silvafreire.com.br\/site\/wp-json\/wp\/v2\/users\/2"}],"replies":[{"embeddable":true,"href":"https:\/\/silvafreire.com.br\/site\/wp-json\/wp\/v2\/comments?post=9925"}],"version-history":[{"count":0,"href":"https:\/\/silvafreire.com.br\/site\/wp-json\/wp\/v2\/posts\/9925\/revisions"}],"wp:attachment":[{"href":"https:\/\/silvafreire.com.br\/site\/wp-json\/wp\/v2\/media?parent=9925"}],"wp:term":[{"taxonomy":"category","embeddable":true,"href":"https:\/\/silvafreire.com.br\/site\/wp-json\/wp\/v2\/categories?post=9925"},{"taxonomy":"post_tag","embeddable":true,"href":"https:\/\/silvafreire.com.br\/site\/wp-json\/wp\/v2\/tags?post=9925"}],"curies":[{"name":"wp","href":"https:\/\/api.w.org\/{rel}","templated":true}]}}