{"id":9929,"date":"2019-02-04T10:38:59","date_gmt":"2019-02-04T13:38:59","guid":{"rendered":"http:\/\/silvafreire.com.br\/site\/?p=9929"},"modified":"2019-02-04T10:38:59","modified_gmt":"2019-02-04T13:38:59","slug":"pos-reforma-trabalhista-10-direitos-dos-trabalhadores-em-caso-de-demissao","status":"publish","type":"post","link":"https:\/\/silvafreire.com.br\/site\/pos-reforma-trabalhista-10-direitos-dos-trabalhadores-em-caso-de-demissao\/","title":{"rendered":"P\u00f3s-reforma trabalhista: 10 direitos dos trabalhadores em caso de demiss\u00e3o"},"content":{"rendered":"<p>\t\t\t\t<span style=\"font-weight: 400;\">De acordo com o IBGE, ainda estamos em um per\u00edodo em que os n\u00fameros relacionados \u00e0s demiss\u00f5es s\u00e3o assustadores, e muitos trabalhadores j\u00e1 ficam muito nervosos. Contudo, mesmo que ocorra a demiss\u00e3o, o funcion\u00e1rio possui uma s\u00e9rie de direitos que permite um f\u00f4lego inicial para retomar a busca por uma melhor coloca\u00e7\u00e3o profissional.<\/span><\/p>\n<p><span style=\"font-weight: 400;\">Fora as exce\u00e7\u00f5es, ap\u00f3s a reforma trabalhista, quais os direitos trabalhistas garantidos aos trabalhadores em caso de demiss\u00e3o? Veja 10 pontos abaixo:<\/span><\/p>\n<p><span style=\"font-weight: 400;\">Quando o empregador deve pagar o valor da rescis\u00e3o: quando o aviso pr\u00e9vio for indenizado, deve pagar at\u00e9 10 (dez) dias ap\u00f3s a dispensa, e quando o aviso pr\u00e9vio for trabalhado, tem que pagar no 1\u00ba (primeiro) dia \u00fatil ap\u00f3s a dispensa. Ap\u00f3s a reforma trabalhista a data continua igual, salvo se empresa combinar por escrito data diferente com o trabalhador.<\/span><\/p>\n<p><span style=\"font-weight: 400;\">Saldo de sal\u00e1rio: deve ser pago na propor\u00e7\u00e3o aos dias trabalhados no m\u00eas da demiss\u00e3o. Isto \u00e9, o sal\u00e1rio mensal, dividido por 30 e multiplicado pelo n\u00famero de dias trabalhados. Com ou sem justa causa.<\/span><\/p>\n<p><span style=\"font-weight: 400;\">Aviso pr\u00e9vio: pode ser indenizado ou trabalhado, o empregador tem a op\u00e7\u00e3o de avisar ao trabalhador sobre a demiss\u00e3o com 30 dias de anteced\u00eancia ou, pagar o sal\u00e1rio referente a esses 30 dias sem que o empregado precise trabalhar. S\u00f3 para casos sem justa demiss\u00e3o.<\/span><\/p>\n<p><span style=\"font-weight: 400;\">Aviso pr\u00e9vio indenizado proporcional: institu\u00eddo por lei no fim de 2011, quando a dispensa \u00e9 sem justa causa, para cada ano de trabalho, h\u00e1 acr\u00e9scimo de 03 (tr\u00eas) dias no aviso pr\u00e9vio, com limite de adicional de at\u00e9 60 (sessenta) dias, portanto, no m\u00e1ximo o aviso pr\u00e9vio poder\u00e1 ser de 90 (noventa) dias.<\/span><\/p>\n<p><span style=\"font-weight: 400;\">F\u00e9rias e adicional constitucional de um ter\u00e7o: todo m\u00eas trabalhado d\u00e1 direito \u00e0 uma propor\u00e7\u00e3o de f\u00e9rias, que equivale a um sal\u00e1rio inteiro, mais um ter\u00e7o, ap\u00f3s 1 ano de trabalho, este valor deve ser pago independente do motivo da dispensa. S\u00f3 n\u00e3o ser\u00e1 pago caso haja faltas n\u00e3o justificadas e outras infra\u00e7\u00f5es constatadas.<\/span><\/p>\n<p><span style=\"font-weight: 400;\">13\u00ba sal\u00e1rio: ap\u00f3s a reforma trabalhista o direito de receber o 13\u00ba sal\u00e1rio continua igual e n\u00e3o pode ser alterado por acordo entre empresa e trabalhador, mas as datas de pagamento podem ser negociadas.<\/span><\/p>\n<p><span style=\"font-weight: 400;\">Fundo de Garantia do Tempo de Servi\u00e7o \u2013 FGTS: s\u00f3 para quem foi dispensado sem motivo, nasce o direito de sacar os valores do FGTS, incluindo o dep\u00f3sito correspondente ao aviso pr\u00e9vio e outras verbas pagas na rescis\u00e3o. O FGTS atualizado corresponde a aproximadamente um sal\u00e1rio por ano.<\/span><\/p>\n<p><span style=\"font-weight: 400;\">Multa de 40% sobre o saldo do FGTS: ap\u00f3s a reforma trabalhista esse direito continua igual e n\u00e3o pode ser alterado por acordo entre empresa e trabalhador, mas observamos que agora nasce o direito de demiss\u00e3o acordada onde a empresa paga multa de 20% e o trabalhador pode sacar 80% do valor depositado.<\/span><\/p>\n<p><span style=\"font-weight: 400;\">Libera\u00e7\u00e3o de guias para saque de seguro desemprego: esse direito pode sofrer altera\u00e7\u00f5es ap\u00f3s a reforma trabalhista, e vai variar de acordo com os novos contratos de trabalho.<\/span><\/p>\n<p><span style=\"font-weight: 400;\">Obriga\u00e7\u00e3o de homologa\u00e7\u00e3o da rescis\u00e3o: para quem trabalhou mais de 12 (doze) meses, a lei determina que o TRTC seja homologado, por sindicato ou pelo Minist\u00e9rio do Trabalho, onde um representante habilitado deve verificar o termo de rescis\u00e3o auxiliando o trabalhador. Caso exista algo incomum, a homologa\u00e7\u00e3o deve acontecer com ressalvas, explicando no pr\u00f3prio termo de rescis\u00e3o a situa\u00e7\u00e3o, para posterior solu\u00e7\u00e3o. A obriga\u00e7\u00e3o de homologa\u00e7\u00e3o sindical ap\u00f3s a reforma trabalhista n\u00e3o existir\u00e1 mais, no entanto, n\u00e3o est\u00e1 clara a obriga\u00e7\u00e3o de homologa\u00e7\u00e3o da dispensa ap\u00f3s 12 meses sobre ela ser obrigat\u00f3ria perante o Minist\u00e9rio do Trabalho.<\/span><\/p>\n<p><b>Fonte: <\/b><a href=\"https:\/\/sitecontabil.com.br\/\"><b>sitecontabil.com.br<\/b><\/a><\/p>\n<p><img decoding=\"async\" class=\"aligncenter wp-image-9932\" src=\"http:\/\/silvafreire.com.br\/site\/wp-content\/uploads\/2019\/02\/ReformaTrabalhista.png\" alt=\"Reforma Trabalhista\" width=\"1\" height=\"1\" \/>\t\t<\/p>\n","protected":false},"excerpt":{"rendered":"<p>De acordo com o IBGE, ainda estamos em um per\u00edodo em que os n\u00fameros relacionados \u00e0s demiss\u00f5es s\u00e3o assustadores, e muitos trabalhadores j\u00e1 ficam muito nervosos. Contudo, mesmo que ocorra a demiss\u00e3o, o funcion\u00e1rio possui uma s\u00e9rie de direitos que permite um f\u00f4lego inicial para retomar a busca por uma melhor coloca\u00e7\u00e3o profissional. Fora as [&hellip;]<\/p>\n","protected":false},"author":2,"featured_media":0,"comment_status":"closed","ping_status":"closed","sticky":false,"template":"","format":"standard","meta":{"footnotes":""},"categories":[18],"tags":[1834,696,537,147,1898,1813,2205,2206],"class_list":["post-9929","post","type-post","status-publish","format-standard","hentry","category-noticias","tag-13o-salario","tag-aviso-previo","tag-ferias","tag-fgts","tag-ibge","tag-reforma-trabalhista","tag-saldo-de-salario","tag-trtc"],"_links":{"self":[{"href":"https:\/\/silvafreire.com.br\/site\/wp-json\/wp\/v2\/posts\/9929","targetHints":{"allow":["GET"]}}],"collection":[{"href":"https:\/\/silvafreire.com.br\/site\/wp-json\/wp\/v2\/posts"}],"about":[{"href":"https:\/\/silvafreire.com.br\/site\/wp-json\/wp\/v2\/types\/post"}],"author":[{"embeddable":true,"href":"https:\/\/silvafreire.com.br\/site\/wp-json\/wp\/v2\/users\/2"}],"replies":[{"embeddable":true,"href":"https:\/\/silvafreire.com.br\/site\/wp-json\/wp\/v2\/comments?post=9929"}],"version-history":[{"count":0,"href":"https:\/\/silvafreire.com.br\/site\/wp-json\/wp\/v2\/posts\/9929\/revisions"}],"wp:attachment":[{"href":"https:\/\/silvafreire.com.br\/site\/wp-json\/wp\/v2\/media?parent=9929"}],"wp:term":[{"taxonomy":"category","embeddable":true,"href":"https:\/\/silvafreire.com.br\/site\/wp-json\/wp\/v2\/categories?post=9929"},{"taxonomy":"post_tag","embeddable":true,"href":"https:\/\/silvafreire.com.br\/site\/wp-json\/wp\/v2\/tags?post=9929"}],"curies":[{"name":"wp","href":"https:\/\/api.w.org\/{rel}","templated":true}]}}