{"id":9934,"date":"2019-02-04T10:48:47","date_gmt":"2019-02-04T13:48:47","guid":{"rendered":"http:\/\/silvafreire.com.br\/site\/?p=9934"},"modified":"2019-02-04T10:48:47","modified_gmt":"2019-02-04T13:48:47","slug":"de-acordo-com-nova-lei-bancos-privados-sao-proibidos-de-conceder-credito-a-empresas-com-debito-de-fgts","status":"publish","type":"post","link":"https:\/\/silvafreire.com.br\/site\/de-acordo-com-nova-lei-bancos-privados-sao-proibidos-de-conceder-credito-a-empresas-com-debito-de-fgts\/","title":{"rendered":"De acordo com nova lei, bancos privados s\u00e3o proibidos de conceder cr\u00e9dito a empresas com d\u00e9bito de FGTS"},"content":{"rendered":"<p>\t\t\t\t<span style=\"font-weight: 400;\">Todos os bancos do pa\u00eds est\u00e3o proibidos de conceder financiamentos com recursos p\u00fablicos a empresas que estejam em d\u00e9bito com o Fundo de Garantia do Tempo de Servi\u00e7o (FGTS) . O texto foi publicado no Di\u00e1rio Oficial da Uni\u00e3o e modifica a Lei 9.012\/1995, que fixava a proibi\u00e7\u00e3o apenas para os bancos p\u00fablicos.<\/span><\/p>\n<p><span style=\"font-weight: 400;\">A nova norma determina ainda que a comprova\u00e7\u00e3o da quita\u00e7\u00e3o com o FGTS dever\u00e1 ser feita mediante apresenta\u00e7\u00e3o de certid\u00e3o expedida pela Caixa Econ\u00f4mica Federal. A veda\u00e7\u00e3o n\u00e3o se aplica \u00e0s opera\u00e7\u00f5es de cr\u00e9dito destinadas a saldar d\u00edvidas com o FGTS.<\/span><\/p>\n<p><b>Fonte: <\/b><a href=\"https:\/\/sitecontabil.com.br\/\"><b>sitecontabil.com.br<\/b><\/a>\t\t<\/p>\n","protected":false},"excerpt":{"rendered":"<p>Todos os bancos do pa\u00eds est\u00e3o proibidos de conceder financiamentos com recursos p\u00fablicos a empresas que estejam em d\u00e9bito com o Fundo de Garantia do Tempo de Servi\u00e7o (FGTS) . O texto foi publicado no Di\u00e1rio Oficial da Uni\u00e3o e modifica a Lei 9.012\/1995, que fixava a proibi\u00e7\u00e3o apenas para os bancos p\u00fablicos. A nova [&hellip;]<\/p>\n","protected":false},"author":2,"featured_media":0,"comment_status":"closed","ping_status":"closed","sticky":false,"template":"","format":"standard","meta":{"footnotes":""},"categories":[18],"tags":[43,129,340,2207,147],"class_list":["post-9934","post","type-post","status-publish","format-standard","hentry","category-noticias","tag-bancos","tag-caixa-economica-federal","tag-credito","tag-diario-oficial-da-uniao","tag-fgts"],"_links":{"self":[{"href":"https:\/\/silvafreire.com.br\/site\/wp-json\/wp\/v2\/posts\/9934","targetHints":{"allow":["GET"]}}],"collection":[{"href":"https:\/\/silvafreire.com.br\/site\/wp-json\/wp\/v2\/posts"}],"about":[{"href":"https:\/\/silvafreire.com.br\/site\/wp-json\/wp\/v2\/types\/post"}],"author":[{"embeddable":true,"href":"https:\/\/silvafreire.com.br\/site\/wp-json\/wp\/v2\/users\/2"}],"replies":[{"embeddable":true,"href":"https:\/\/silvafreire.com.br\/site\/wp-json\/wp\/v2\/comments?post=9934"}],"version-history":[{"count":0,"href":"https:\/\/silvafreire.com.br\/site\/wp-json\/wp\/v2\/posts\/9934\/revisions"}],"wp:attachment":[{"href":"https:\/\/silvafreire.com.br\/site\/wp-json\/wp\/v2\/media?parent=9934"}],"wp:term":[{"taxonomy":"category","embeddable":true,"href":"https:\/\/silvafreire.com.br\/site\/wp-json\/wp\/v2\/categories?post=9934"},{"taxonomy":"post_tag","embeddable":true,"href":"https:\/\/silvafreire.com.br\/site\/wp-json\/wp\/v2\/tags?post=9934"}],"curies":[{"name":"wp","href":"https:\/\/api.w.org\/{rel}","templated":true}]}}